{"id":32213,"date":"2025-11-21T09:48:34","date_gmt":"2025-11-21T08:48:34","guid":{"rendered":"https:\/\/www.truedesign.it\/?post_type=story&#038;p=32213"},"modified":"2025-11-21T12:12:33","modified_gmt":"2025-11-21T11:12:33","slug":"arredi-di-design-per-autunno","status":"publish","type":"story","link":"https:\/\/www.truedesign.it\/it\/stories\/arredi-di-design-per-autunno\/","title":{"rendered":"Arredi di design per l\u2019autunno"},"content":{"rendered":"\n<div style=\"height:100px\" aria-hidden=\"true\" class=\"wp-block-spacer\"><\/div>\n\n\n\n<section class=\"video flex align-center justify-center relative animation-fade-in-up --wide \">\n    <div class=\"video__container relative w-screen max-w-screen-huge mx-auto\">\n                                    <video class=\"hidden lg:block w-full\" autoplay muted loop playsinline>\n                    <source src=\"https:\/\/www.truedesign.it\/app\/uploads\/2025\/11\/Autunno_home-1.mp4\" type=\"video\/mp4\" \/>\n                <\/video>\n            \n                            <video class=\"lg:hidden w-full\" autoplay muted loop playsinline>\n                    <source src=\"https:\/\/www.truedesign.it\/app\/uploads\/2025\/11\/home-mobile-ok.mp4\" type=\"video\/mp4\" \/>\n                <\/video>\n                        <\/div>\n<\/section>\n\n\n\n<div style=\"height:100px\" aria-hidden=\"true\" class=\"wp-block-spacer\"><\/div>\n\n\n\n<div class=\"block-text max-w-screen-huge w-full lg:w-2\/3 px-8 mx-auto \">\n    \n<div class=\"text text-base text-left font-normal animation-fade-in-up \">\n    <div><h2 style=\"font-weight: 400; text-align: center;\"><strong>La bellezza dei materiali naturali incontra il ritmo dell\u2019autunno<\/strong><\/h2>\n<p style=\"text-align: center;\">\n<p style=\"font-weight: 400; text-align: center;\">Quando arriva l\u2019autunno, gli spazi si trasformano. La luce si fa pi\u00f9 calda, i ritmi rallentano e il desiderio di equilibrio tra interno ed esterno cresce.<br \/>\n<strong>True Design<\/strong> accompagna questa stagione con una selezione di <strong>arredi di design italiani<\/strong>, pensati per vivere ogni ambiente in modo naturale, funzionale e autentico.<br \/>\nCollezioni outdoor e indoor che raccontano la bellezza della materia e la continuit\u00e0 tra casa e natura: <strong>Marina Out<\/strong>, <strong>Lisa<\/strong>, <strong>Not Out<\/strong> ed <strong>Essence<\/strong>.<\/p>\n<\/div>\n<\/div>\n<\/div>\n\n\n\n<div style=\"height:100px\" aria-hidden=\"true\" class=\"wp-block-spacer\"><\/div>\n\n\n\n<div class=\"text-media relative lg:flex lg:items-center max-w-screen-xl mx-auto justify-center gap-12 lg:gap-16 px-5 lg:px-20 \">\n    <div class=\"max-w-100 mx-auto lg:mx-0 \">\n        <div>\n            <div class=\"mb-4 leading-10\">\n                <div class=\"title text-[22px] lg:text-[30px] font-semibold text-left animation-fade-in-up \">\n                    <div> Marina Out: arredi outdoor di design per ogni stagione <\/div>\n                <\/div>\n            <\/div>\n            <div class=\"mr-4 lg:mr-0 my-4 lg:my-8 leading-7\">\n                \n<div class=\"text text-base text-left font-light animation-fade-in-up \">\n    <div><p style=\"font-weight: 400;\">La collezione <strong>Marina Out<\/strong> interpreta il concetto di outdoor living con leggerezza e resistenza.<br \/>\nRealizzata con materiali durevoli e forme essenziali, \u00e8 pensata per chi ama vivere l\u2019esterno anche nei mesi autunnali. Questa sedia per esterno si inserisce armoniosamente nel paesaggio, diventando parte dell\u2019ambiente naturale.<br \/>\nPerfetta per terrazze, giardini o spazi contract, <strong>Marina Out<\/strong> rappresenta la sintesi tra <strong>design italiano<\/strong>, <strong>comfort<\/strong> e <strong>durabilit\u00e0<\/strong>.<\/p>\n<\/div>\n<\/div>\n            <\/div>\n                    <\/div>\n    <\/div>\n    <div class=\"my-12 \">\n                                    <img class=\"w-[430px] lg:ml-auto aspect-square animation-fade-in-up mx-auto lg:mx-0 object-contain\" srcset=\"https:\/\/www.truedesign.it\/app\/uploads\/2025\/11\/TRUE_Mimesi_165-150x150.jpg 150w , https:\/\/www.truedesign.it\/app\/uploads\/2025\/11\/TRUE_Mimesi_165-240x300.jpg 300w , https:\/\/www.truedesign.it\/app\/uploads\/2025\/11\/TRUE_Mimesi_165.jpg 768w , https:\/\/www.truedesign.it\/app\/uploads\/2025\/11\/TRUE_Mimesi_165.jpg 1024w\" loading=\"lazy\" alt=\"\" \/>\n                        <\/div>\n<\/div>\n\n\n\n<div style=\"height:100px\" aria-hidden=\"true\" class=\"wp-block-spacer\"><\/div>\n\n\n\n<section class=\"image flex align-center justify-center relative animation-fade-in-up  zoomed --boxed\" data-zoom-animation=\"1\">\n    <div class=\"image__container overflow-hidden relative w-screen max-w-screen-huge mx-auto\">\n                    <img class=\"hidden lg:block w-full object-contain\" srcset=\"https:\/\/www.truedesign.it\/app\/uploads\/2025\/11\/Untitled-1-1-2-1-150x150.jpg 150w , https:\/\/www.truedesign.it\/app\/uploads\/2025\/11\/Untitled-1-1-2-1-300x216.jpg 300w , https:\/\/www.truedesign.it\/app\/uploads\/2025\/11\/Untitled-1-1-2-1-768x552.jpg 768w , https:\/\/www.truedesign.it\/app\/uploads\/2025\/11\/Untitled-1-1-2-1-1024x737.jpg 1024w , https:\/\/www.truedesign.it\/app\/uploads\/2025\/11\/Untitled-1-1-2-1-1536x1105.jpg 1400w , https:\/\/www.truedesign.it\/app\/uploads\/2025\/11\/Untitled-1-1-2-1.jpg 2048w\" loading=\"lazy\" alt=\"Untitled-1-1-2\"  \/>\n                            <img class=\"lg:hidden w-full object-contain\" srcset=\"https:\/\/www.truedesign.it\/app\/uploads\/2025\/11\/Untitled-1-1-2-1-150x150.jpg 150w , https:\/\/www.truedesign.it\/app\/uploads\/2025\/11\/Untitled-1-1-2-1-300x216.jpg 300w , https:\/\/www.truedesign.it\/app\/uploads\/2025\/11\/Untitled-1-1-2-1-768x552.jpg 768w , https:\/\/www.truedesign.it\/app\/uploads\/2025\/11\/Untitled-1-1-2-1-1024x737.jpg 1024w , https:\/\/www.truedesign.it\/app\/uploads\/2025\/11\/Untitled-1-1-2-1-1536x1105.jpg 1400w , https:\/\/www.truedesign.it\/app\/uploads\/2025\/11\/Untitled-1-1-2-1.jpg 2048w\" loading=\"lazy\" alt=\"Untitled-1-1-2\"  \/>\n            <\/div>\n<\/section>\n\n\n\n<div style=\"height:100px\" aria-hidden=\"true\" class=\"wp-block-spacer\"><\/div>\n\n\n        <style>\n                                <\/style>\n    \n<div class=\"block-columns relative px-5 -n-cols-1 max-w-screen-md mx-auto \">\n            <div class=\"block-columns__title font-semibold mb-10 lg:px-14\">\n            <div class=\"title text-xl lg:text-[32px] font-semibold text-left animation-fade-in-up \">\n                <div> <p style=\"font-weight: 400; text-align: center;\"><strong>Lisa: sedie in legno di design dallo stile contemporaneo<\/strong><\/p>\n <\/div>\n            <\/div>\n        <\/div>\n    \n    <div class=\"block-columns__wrapper lg:flex lg:justify-center \">\n                    <div class=\"block-columns__text-wr flex-1 my-8 lg:my-10 lg:px-14\">\n                \n<div class=\"text  text-left font-light animation-fade-in-up \">\n    <div><p style=\"font-weight: 400; text-align: center;\">Con <strong>Lisa<\/strong>, True Design celebra il calore del legno e la leggerezza della forma.<br \/>\nLe sue linee morbide, le proporzioni equilibrate e la versione con braccioli la rendono ideale per ambienti domestici e spazi collettivi.<br \/>\nLisa \u00e8 una <strong>sedia in legno di design italiano<\/strong>, progettata per offrire comfort e bellezza senza tempo. Un arredo che arricchisce ogni contesto con la sua presenza discreta e naturale.<\/p>\n<\/div>\n<\/div>\n            <\/div>\n            <\/div>\n<\/div>\n\n\n\n<div style=\"height:100px\" aria-hidden=\"true\" class=\"wp-block-spacer\"><\/div>\n\n\n\n<section class=\"image flex align-center justify-center relative animation-fade-in-up  zoomed --wide\" data-zoom-animation=\"1\">\n    <div class=\"image__container overflow-hidden relative w-screen max-w-screen-huge mx-auto\">\n                    <img class=\"hidden lg:block w-full object-contain\" srcset=\"https:\/\/www.truedesign.it\/app\/uploads\/2025\/11\/Untitled-2-1-150x150.jpg 150w , https:\/\/www.truedesign.it\/app\/uploads\/2025\/11\/Untitled-2-1-300x155.jpg 300w , https:\/\/www.truedesign.it\/app\/uploads\/2025\/11\/Untitled-2-1-768x396.jpg 768w , https:\/\/www.truedesign.it\/app\/uploads\/2025\/11\/Untitled-2-1-1024x529.jpg 1024w , https:\/\/www.truedesign.it\/app\/uploads\/2025\/11\/Untitled-2-1-1536x793.jpg 1400w , https:\/\/www.truedesign.it\/app\/uploads\/2025\/11\/Untitled-2-1.jpg 2048w\" loading=\"lazy\" alt=\"Untitled-2\"  \/>\n                            <img class=\"lg:hidden w-full object-contain\" srcset=\"https:\/\/www.truedesign.it\/app\/uploads\/2025\/11\/Untitled-2-1-150x150.jpg 150w , https:\/\/www.truedesign.it\/app\/uploads\/2025\/11\/Untitled-2-1-300x155.jpg 300w , https:\/\/www.truedesign.it\/app\/uploads\/2025\/11\/Untitled-2-1-768x396.jpg 768w , https:\/\/www.truedesign.it\/app\/uploads\/2025\/11\/Untitled-2-1-1024x529.jpg 1024w , https:\/\/www.truedesign.it\/app\/uploads\/2025\/11\/Untitled-2-1-1536x793.jpg 1400w , https:\/\/www.truedesign.it\/app\/uploads\/2025\/11\/Untitled-2-1.jpg 2048w\" loading=\"lazy\" alt=\"Untitled-2\"  \/>\n            <\/div>\n<\/section>\n\n\n\n<div style=\"height:100px\" aria-hidden=\"true\" class=\"wp-block-spacer\"><\/div>\n\n\n        <style>\n                                <\/style>\n    \n<div class=\"block-columns relative px-5 -n-cols-1 max-w-screen-md mx-auto \">\n            <div class=\"block-columns__title font-semibold mb-10 lg:px-14\">\n            <div class=\"title text-xl lg:text-[32px] font-semibold text-left animation-fade-in-up \">\n                <div> <p style=\"font-weight: 400;\"><strong>Not Out: design outdoor senza stagioni<\/strong><\/p>\n <\/div>\n            <\/div>\n        <\/div>\n    \n    <div class=\"block-columns__wrapper lg:flex lg:justify-center \">\n                    <div class=\"block-columns__text-wr flex-1 my-8 lg:my-10 lg:px-14\">\n                \n<div class=\"text  text-left font-light animation-fade-in-up \">\n    <div><div><b>Not Out <\/b>ridefinisce il modo di vivere l\u2019esterno. Una collezione versatile e contemporanea che si adatta con facilit\u00e0 a terrazze, verande e spazi ibridi tra indoor e outdoor.<\/div>\n<div>\n<p>Sedute e tavoli dalle linee pulite, resistenti agli agenti atmosferici e al tempo, firmati True Design. <b>Arredi outdoor di qualit\u00e0<\/b>, pensati per chi cerca funzionalit\u00e0 e stile in ogni stagione.<\/p>\n<\/div>\n<\/div>\n<\/div>\n            <\/div>\n            <\/div>\n<\/div>\n\n\n\n<div class=\"text-media relative lg:flex lg:items-center max-w-screen-xl mx-auto justify-center gap-12 lg:gap-16 px-5 lg:px-20 \">\n    <div class=\"max-w-100 mx-auto lg:mx-0 order-2\">\n        <div>\n            <div class=\"mb-4 leading-10\">\n                <div class=\"title text-[22px] lg:text-[30px] font-semibold text-left animation-fade-in-up \">\n                    <div> Essence: arredi in legno dal design essenziale <\/div>\n                <\/div>\n            <\/div>\n            <div class=\"mr-4 lg:mr-0 my-4 lg:my-8 leading-7\">\n                \n<div class=\"text text-base text-left font-light animation-fade-in-up \">\n    <div><div><b>Essence <\/b>\u00e8 una collezione che racconta l\u2019autenticit\u00e0 della materia. Il legno diventa protagonista, esprimendo solidit\u00e0, naturalezza e calore. Tavoli e sedute dalle proporzioni perfette, dove ogni dettaglio \u00e8 studiato per durare.<\/div>\n<div>Con <b>Essence<\/b>, True Design firma una linea di <b>arredi in legno di design italiano <\/b>capace di coniugare eleganza e funzionalit\u00e0, ideale per ambienti residenziali e professionali.<\/div>\n<\/div>\n<\/div>\n            <\/div>\n                    <\/div>\n    <\/div>\n    <div class=\"my-12 order-1\">\n                                    <video class=\"w-[430px] lg:ml-auto aspect-square animation-fade-in-up mx-auto lg:mx-0 object-cover\" muted autoplay loop playsinline>\n                    <source src=\"https:\/\/www.truedesign.it\/app\/uploads\/2025\/11\/Sequence-03.mp4\" type=\"video\/mp4\" \/>\n                <\/video>\n                        <\/div>\n<\/div>\n\n\n\n<div style=\"height:100px\" aria-hidden=\"true\" class=\"wp-block-spacer\"><\/div>\n\n\n\n<section class=\"image flex align-center justify-center relative animation-fade-in-up   --wide\" data-zoom-animation=\"\">\n    <div class=\"image__container overflow-hidden relative w-screen max-w-screen-huge mx-auto\">\n                    <img class=\"hidden lg:block w-full object-contain\" srcset=\"https:\/\/www.truedesign.it\/app\/uploads\/2025\/11\/TRUE_alba_5240-HDR-1-150x150.jpg 150w , https:\/\/www.truedesign.it\/app\/uploads\/2025\/11\/TRUE_alba_5240-HDR-1-300x169.jpg 300w , https:\/\/www.truedesign.it\/app\/uploads\/2025\/11\/TRUE_alba_5240-HDR-1-768x432.jpg 768w , https:\/\/www.truedesign.it\/app\/uploads\/2025\/11\/TRUE_alba_5240-HDR-1-1024x577.jpg 1024w , https:\/\/www.truedesign.it\/app\/uploads\/2025\/11\/TRUE_alba_5240-HDR-1-1536x865.jpg 1400w , https:\/\/www.truedesign.it\/app\/uploads\/2025\/11\/TRUE_alba_5240-HDR-1.jpg 2048w\" loading=\"lazy\" alt=\"TRUE_alba_5240-HDR\"  \/>\n                            <img class=\"lg:hidden w-full object-contain\" srcset=\"https:\/\/www.truedesign.it\/app\/uploads\/2025\/11\/TRUE_alba_5240-HDR-1-150x150.jpg 150w , https:\/\/www.truedesign.it\/app\/uploads\/2025\/11\/TRUE_alba_5240-HDR-1-300x169.jpg 300w , https:\/\/www.truedesign.it\/app\/uploads\/2025\/11\/TRUE_alba_5240-HDR-1-768x432.jpg 768w , https:\/\/www.truedesign.it\/app\/uploads\/2025\/11\/TRUE_alba_5240-HDR-1-1024x577.jpg 1024w , https:\/\/www.truedesign.it\/app\/uploads\/2025\/11\/TRUE_alba_5240-HDR-1-1536x865.jpg 1400w , https:\/\/www.truedesign.it\/app\/uploads\/2025\/11\/TRUE_alba_5240-HDR-1.jpg 2048w\" loading=\"lazy\" alt=\"TRUE_alba_5240-HDR\"  \/>\n            <\/div>\n<\/section>\n\n\n\n<div style=\"height:100px\" aria-hidden=\"true\" class=\"wp-block-spacer\"><\/div>\n\n\n        <style>\n                                <\/style>\n    \n<div class=\"block-columns relative px-5 -n-cols-1 max-w-screen-md mx-auto \">\n            <div class=\"block-columns__title font-semibold mb-10 lg:px-14\">\n            <div class=\"title text-xl lg:text-[32px] font-semibold text-left animation-fade-in-up \">\n                <div> <h3 style=\"text-align: center;\" data-start=\"281\" data-end=\"354\"><strong data-start=\"285\" data-end=\"352\">Fender e Blade Coffee Table: dettagli che completano lo spazio<\/strong><\/h3>\n<p data-start=\"355\" data-end=\"1026\">\n <\/div>\n            <\/div>\n        <\/div>\n    \n    <div class=\"block-columns__wrapper lg:flex lg:justify-center \">\n                    <div class=\"block-columns__text-wr flex-1 my-8 lg:my-10 lg:px-14\">\n                \n<div class=\"text  text-left font-light animation-fade-in-up \">\n    <div><p style=\"text-align: center;\" data-start=\"355\" data-end=\"1026\">Tra le collezioni True Design, i <strong data-start=\"388\" data-end=\"411\">coffee table Fender<\/strong> e <strong data-start=\"414\" data-end=\"423\">Blade<\/strong> aggiungono carattere e personalit\u00e0 a ogni ambiente.<br data-start=\"475\" data-end=\"478\" \/><strong data-start=\"478\" data-end=\"501\">Fender Coffee Table<\/strong> si distingue per la sua <strong data-start=\"526\" data-end=\"547\">maniglia centrale<\/strong>, un dettaglio funzionale e ironico che ne facilita lo spostamento e lo rende perfetto per spazi flessibili e dinamici.<br data-start=\"666\" data-end=\"669\" \/><strong data-start=\"669\" data-end=\"691\">Blade Coffee Table<\/strong>, invece, esprime un\u2019eleganza essenziale grazie al <strong data-start=\"742\" data-end=\"760\">piano in marmo<\/strong> e alla struttura sottile: un equilibrio raffinato tra materia naturale e leggerezza visiva.<br data-start=\"852\" data-end=\"855\" \/>Entrambi interpretano la filosofia True Design: <strong data-start=\"904\" data-end=\"951\">autenticit\u00e0, funzionalit\u00e0 e design italiano<\/strong>,\u00a0offrendo complementi versatili e distintivi per interni contemporanei.<\/p>\n<\/div>\n<\/div>\n            <\/div>\n            <\/div>\n<\/div>\n\n\n\n<div style=\"height:100px\" aria-hidden=\"true\" class=\"wp-block-spacer\"><\/div>\n\n\n\n<section class=\"image flex align-center justify-center relative animation-fade-in-up  zoomed --boxed\" data-zoom-animation=\"1\">\n    <div class=\"image__container overflow-hidden relative w-screen max-w-screen-huge mx-auto\">\n                    <img class=\"hidden lg:block w-full object-contain\" srcset=\"https:\/\/www.truedesign.it\/app\/uploads\/2025\/11\/Untitled-1-2-150x150.jpg 150w , https:\/\/www.truedesign.it\/app\/uploads\/2025\/11\/Untitled-1-2-300x169.jpg 300w , https:\/\/www.truedesign.it\/app\/uploads\/2025\/11\/Untitled-1-2-768x432.jpg 768w , https:\/\/www.truedesign.it\/app\/uploads\/2025\/11\/Untitled-1-2-1024x576.jpg 1024w , https:\/\/www.truedesign.it\/app\/uploads\/2025\/11\/Untitled-1-2-1536x864.jpg 1400w , https:\/\/www.truedesign.it\/app\/uploads\/2025\/11\/Untitled-1-2.jpg 2048w\" loading=\"lazy\" alt=\"Untitled-1\"  \/>\n                            <img class=\"lg:hidden w-full object-contain\" srcset=\"https:\/\/www.truedesign.it\/app\/uploads\/2025\/11\/Untitled-1-2-150x150.jpg 150w , https:\/\/www.truedesign.it\/app\/uploads\/2025\/11\/Untitled-1-2-300x169.jpg 300w , https:\/\/www.truedesign.it\/app\/uploads\/2025\/11\/Untitled-1-2-768x432.jpg 768w , https:\/\/www.truedesign.it\/app\/uploads\/2025\/11\/Untitled-1-2-1024x576.jpg 1024w , https:\/\/www.truedesign.it\/app\/uploads\/2025\/11\/Untitled-1-2-1536x864.jpg 1400w , https:\/\/www.truedesign.it\/app\/uploads\/2025\/11\/Untitled-1-2.jpg 2048w\" loading=\"lazy\" alt=\"Untitled-1\"  \/>\n            <\/div>\n<\/section>\n\n\n\n<div style=\"height:100px\" aria-hidden=\"true\" class=\"wp-block-spacer\"><\/div>\n\n\n\n<div class=\"block-text max-w-screen-huge w-full lg:w-2\/3 px-8 mx-auto \">\n    \n<div class=\"text text-base text-left font-normal animation-fade-in-up \">\n    <div><h3 style=\"text-align: center;\">I protagonisti del design<\/h3>\n<\/div>\n<\/div>\n<\/div>\n\n\n\n<div style=\"height:50px\" aria-hidden=\"true\" class=\"wp-block-spacer\"><\/div>\n\n\n\n<div class=\"columns-image-text mx-auto px-6 lg:px-20 \">\n    <div class=\"flex justify-center flex-wrap gap-y-4 lg:gap-x-6\">\n                                <div class=\"lg:flex-1 max-w-screen-sm\">\n                <div class=\"w-full mb-6\">\n                                                                        <img class=\"w-full\" srcset=\"https:\/\/www.truedesign.it\/app\/uploads\/2025\/11\/q1-150x150.jpg 150w , https:\/\/www.truedesign.it\/app\/uploads\/2025\/11\/q1-300x300.jpg 300w , https:\/\/www.truedesign.it\/app\/uploads\/2025\/11\/q1-768x768.jpg 768w\" loading=\"lazy\" alt=\"q1\" \/>\n                                                            <\/div>\n                <div class=\"mb-4\">\n<div class=\"title text-lg font-semibold text-center animation-fade-in-up \">\n    <div> Essence <\/div>\n<\/div>\n<\/div>\n                <div>\n<div class=\"text text-base text-center font-thin animation-fade-in-up \">\n    <div><p>La collezione <strong data-start=\"342\" data-end=\"368\">Essence di True Design<\/strong> interpreta il legno nella sua forma pi\u00f9 autentica. Tavoli e complementi d\u2019arredo dal <strong data-start=\"454\" data-end=\"484\">design italiano essenziale<\/strong>, dove la materia naturale diventa protagonista. Linee pulite, proporzioni armoniose e dettagli curati raccontano una bellezza discreta, pensata per spazi contemporanei che uniscono <strong data-start=\"666\" data-end=\"709\">calore, funzionalit\u00e0 e durata nel tempo<\/strong>.<\/p>\n<\/div>\n<\/div>\n<\/div>\n            <\/div>\n                                <div class=\"lg:flex-1 max-w-screen-sm\">\n                <div class=\"w-full mb-6\">\n                                                                        <img class=\"w-full\" srcset=\"https:\/\/www.truedesign.it\/app\/uploads\/2025\/11\/q3-150x150.jpg 150w , https:\/\/www.truedesign.it\/app\/uploads\/2025\/11\/q3-300x300.jpg 300w , https:\/\/www.truedesign.it\/app\/uploads\/2025\/11\/q3-768x768.jpg 768w\" loading=\"lazy\" alt=\"q3\" \/>\n                                                            <\/div>\n                <div class=\"mb-4\">\n<div class=\"title text-lg font-semibold text-center animation-fade-in-up \">\n    <div> Not Out <\/div>\n<\/div>\n<\/div>\n                <div>\n<div class=\"text text-base text-center font-thin animation-fade-in-up \">\n    <div><p><strong data-start=\"737\" data-end=\"748\">Not Out<\/strong> \u00e8 la collezione <strong data-start=\"765\" data-end=\"791\">outdoor di True Design<\/strong> pensata per vivere l\u2019esterno in ogni stagione. Sedute e tavoli dal <strong data-start=\"859\" data-end=\"892\">design resistente e versatile<\/strong>, realizzati con materiali di alta qualit\u00e0 che si adattano a terrazze, giardini e spazi ibridi. Un equilibrio perfetto tra <strong data-start=\"1015\" data-end=\"1048\">comfort, estetica e praticit\u00e0<\/strong>, per portare all\u2019aperto la stessa cura progettuale degli arredi indoor.<\/p>\n<\/div>\n<\/div>\n<\/div>\n            <\/div>\n                                <div class=\"lg:flex-1 max-w-screen-sm\">\n                <div class=\"w-full mb-6\">\n                                                                        <img class=\"w-full\" srcset=\"https:\/\/www.truedesign.it\/app\/uploads\/2025\/11\/q2-150x150.jpg 150w , https:\/\/www.truedesign.it\/app\/uploads\/2025\/11\/q2-300x300.jpg 300w , https:\/\/www.truedesign.it\/app\/uploads\/2025\/11\/q2-768x768.jpg 768w\" loading=\"lazy\" alt=\"q2\" \/>\n                                                            <\/div>\n                <div class=\"mb-4\">\n<div class=\"title text-lg font-semibold text-center animation-fade-in-up \">\n    <div> Lisa <\/div>\n<\/div>\n<\/div>\n                <div>\n<div class=\"text text-base text-center font-thin animation-fade-in-up \">\n    <div><p>Con <strong data-start=\"1148\" data-end=\"1156\">Lisa<\/strong>, True Design reinterpreta la sedia in legno con un linguaggio semplice e contemporaneo. Le sue linee morbide e proporzioni equilibrate esprimono un\u2019eleganza naturale, mentre la versione con braccioli amplifica la sensazione di accoglienza. Una <strong data-start=\"1401\" data-end=\"1439\">sedia in legno dal design italiano<\/strong>, pensata per ambienti domestici o contract, dove <strong data-start=\"1489\" data-end=\"1514\">comfort e autenticit\u00e0<\/strong> diventano protagonisti ogni giorno.<\/p>\n<\/div>\n<\/div>\n<\/div>\n            <\/div>\n            <\/div>\n<\/div>\n\n\n\n<div style=\"height:100px\" aria-hidden=\"true\" class=\"wp-block-spacer\"><\/div>\n\n\n\n<div class=\"banner-newsletter relative text-center py-32 md:py-32 lg:py-40 px-8 lg:px-16\">\n            <a class=\"h-full w-full\" href=\"https:\/\/www.truedesign.it\/it\/newsletter\/\">\n            <div class=\"text-2xl font-semibold text-center animation-fade-in-up\">\n                Iscriviti alla nostra newsletter            <\/div>\n            <div class=\"mt-4 text-center animation-fade-in-up\">\n                Otterrai in esclusiva il nostro studio sul CMF (color, material, finishing)            <\/div>\n        <\/a>\n    <\/div>\n\n\n\n<div style=\"height:100px\" aria-hidden=\"true\" class=\"wp-block-spacer\"><\/div>\n\n\n\n\n<div class=\"banner-link-full group relative animation-fade-in-up px-4 lg:px-0 --wide mx-auto \">\n    <div class=\"banner-link-full__wrapper relative flex flex-col justify-center min-h-[320px] md:min-h-[450px] lg:min-h-[640px] py-12 lg:py-20\">\n        <div style=\"color:#000000\" class=\"banner-link-full__title text-xl lg:text-[70px] mb-2 w-fit leading-none relative max-w-[580px] mx-auto pointer-events-none z-10 font-semibold text-center\">\n            Lasciati ispirare dal design autentico di True        <\/div>\n                    <div style=\"color:#000000\" class=\"banner-link-full__text lg:text-[18px] relative mx-auto w-fit pointer-events-none z-10 mb-4 font-thin text-center\">\n                <p>Esplora tutti i modelli disponibili e personalizza il tuo progetto<\/p>\n            <\/div>\n                <div class=\"flex items-center mx-auto w-fit pointer-events-none z-10 mt-4 lg:mt-10 font-semibold transition duration-500 lg:opacity-0 lg:translate-y-6 transition duration-500  group-hover:opacity-100 group-hover:translate-y-0 \" href=\"https:\/\/www.truedesign.it\/it\/stories\/arredi-di-design-per-autunno\/\">\n                            <div style=\"color:#000000\" class=\"lg:text-[20px]\">Scopri l&#8217;intera Collezione<\/div>\n                        <div style=\"color:#000000\" class=\"h-4 lg:h-5 ml-2 \"><svg width=\"30\" height=\"30\" viewBox=\"0 0 16 16\" fill=\"none\" xmlns=\"http:\/\/www.w3.org\/2000\/svg\">\n<g clip-path=\"url(#clip0_629_5901)\">\n<path d=\"M1 1H15M15 1V15M15 1L1 15\" stroke=\"currentColor\"\/>\n<\/g>\n<defs>\n<clipPath id=\"clip0_629_5901\">\n<rect width=\"30\" height=\"30\" fill=\"white\"\/>\n<\/clipPath>\n<\/defs>\n<\/svg>\n <\/div>\n        <\/div>\n                    <a class=\"banner-link-full__image-wrapper\" href=\"https:\/\/www.truedesign.it\/it\/famiglie\/\">\n                <img class=\"w-full object-cover lg:object-cover absolute top-0 left-0\" srcset=\"https:\/\/www.truedesign.it\/app\/uploads\/2025\/11\/ispirazionale-150x150.jpg 150w , https:\/\/www.truedesign.it\/app\/uploads\/2025\/11\/ispirazionale-300x105.jpg 300w , https:\/\/www.truedesign.it\/app\/uploads\/2025\/11\/ispirazionale-768x269.jpg 768w ,  https:\/\/www.truedesign.it\/app\/uploads\/2025\/11\/ispirazionale-1024x358.jpg 1024w , https:\/\/www.truedesign.it\/app\/uploads\/2025\/11\/ispirazionale-1536x538.jpg 1400w , https:\/\/www.truedesign.it\/app\/uploads\/2025\/11\/ispirazionale.jpg 2048w\" loading=\"lazy\" alt=\"ispirazionale\" \/>\n            <\/a>\n            <\/div>\n<\/div>\n","protected":false},"featured_media":0,"template":"","story_typology":[183],"class_list":["post-32213","story","type-story","status-publish","hentry","story_typology-inspiration"],"acf":{"preview_image":32389,"short_description":"Scopri come True Design accompagna l\u2019autunno con arredi in legno e outdoor dal design italiano, unendo autenticit\u00e0, funzionalit\u00e0 e stile per rendere ogni spazio straordinario."},"yoast_head":"<!-- This site is optimized with the Yoast SEO plugin v26.0 - https:\/\/yoast.com\/wordpress\/plugins\/seo\/ -->\n<title>Arredi di design per l\u2019autunno - True Design<\/title>\n<meta name=\"description\" content=\"Scopri come i nostri prodotti di design plasmano gli spazi, leggendo Arredi di design per l\u2019autunno .\" \/>\n<meta name=\"robots\" content=\"index, follow, max-snippet:-1, max-image-preview:large, max-video-preview:-1\" \/>\n<link rel=\"canonical\" href=\"https:\/\/www.truedesign.it\/it\/stories\/arredi-di-design-per-autunno\/\" \/>\n<meta property=\"og:locale\" content=\"it_IT\" \/>\n<meta property=\"og:type\" content=\"article\" \/>\n<meta property=\"og:title\" content=\"Arredi di design per l\u2019autunno - True Design\" \/>\n<meta property=\"og:description\" content=\"Scopri come i nostri prodotti di design plasmano gli spazi, leggendo Arredi di design per l\u2019autunno .\" \/>\n<meta property=\"og:url\" content=\"https:\/\/www.truedesign.it\/it\/stories\/arredi-di-design-per-autunno\/\" \/>\n<meta property=\"og:site_name\" content=\"True Design\" \/>\n<meta property=\"article:modified_time\" content=\"2025-11-21T11:12:33+00:00\" \/>\n<meta name=\"twitter:card\" content=\"summary_large_image\" \/>\n<!-- \/ Yoast SEO plugin. -->","yoast_head_json":{"title":"Arredi di design per l\u2019autunno - True Design","description":"Scopri come i nostri prodotti di design plasmano gli spazi, leggendo Arredi di design per l\u2019autunno .","robots":{"index":"index","follow":"follow","max-snippet":"max-snippet:-1","max-image-preview":"max-image-preview:large","max-video-preview":"max-video-preview:-1"},"canonical":"https:\/\/www.truedesign.it\/it\/stories\/arredi-di-design-per-autunno\/","og_locale":"it_IT","og_type":"article","og_title":"Arredi di design per l\u2019autunno - True Design","og_description":"Scopri come i nostri prodotti di design plasmano gli spazi, leggendo Arredi di design per l\u2019autunno .","og_url":"https:\/\/www.truedesign.it\/it\/stories\/arredi-di-design-per-autunno\/","og_site_name":"True Design","article_modified_time":"2025-11-21T11:12:33+00:00","twitter_card":"summary_large_image","schema":{"@context":"https:\/\/schema.org","@graph":[{"@type":"WebPage","@id":"https:\/\/www.truedesign.it\/it\/stories\/arredi-di-design-per-autunno\/","url":"https:\/\/www.truedesign.it\/it\/stories\/arredi-di-design-per-autunno\/","name":"Arredi di design per l\u2019autunno - True Design","isPartOf":{"@id":"https:\/\/truedesign.we-dev.it\/it\/#website"},"datePublished":"2025-11-21T08:48:34+00:00","dateModified":"2025-11-21T11:12:33+00:00","description":"Scopri come i nostri prodotti di design plasmano gli spazi, leggendo Arredi di design per l\u2019autunno .","breadcrumb":{"@id":"https:\/\/www.truedesign.it\/it\/stories\/arredi-di-design-per-autunno\/#breadcrumb"},"inLanguage":"it-IT","potentialAction":[{"@type":"ReadAction","target":["https:\/\/www.truedesign.it\/it\/stories\/arredi-di-design-per-autunno\/"]}]},{"@type":"BreadcrumbList","@id":"https:\/\/www.truedesign.it\/it\/stories\/arredi-di-design-per-autunno\/#breadcrumb","itemListElement":[{"@type":"ListItem","position":1,"name":"Home","item":"https:\/\/www.truedesign.it\/it\/"},{"@type":"ListItem","position":2,"name":"Stories","item":"https:\/\/www.truedesign.it\/it\/stories\/"},{"@type":"ListItem","position":3,"name":"Arredi di design per l\u2019autunno"}]},{"@type":"WebSite","@id":"https:\/\/truedesign.we-dev.it\/it\/#website","url":"https:\/\/truedesign.we-dev.it\/it\/","name":"True Design","description":"Extraordinary. Everyday.","inLanguage":"it-IT"}]}},"_links":{"self":[{"href":"https:\/\/www.truedesign.it\/it\/wp-json\/wp\/v2\/story\/32213","targetHints":{"allow":["GET"]}}],"collection":[{"href":"https:\/\/www.truedesign.it\/it\/wp-json\/wp\/v2\/story"}],"about":[{"href":"https:\/\/www.truedesign.it\/it\/wp-json\/wp\/v2\/types\/story"}],"version-history":[{"count":3,"href":"https:\/\/www.truedesign.it\/it\/wp-json\/wp\/v2\/story\/32213\/revisions"}],"predecessor-version":[{"id":32517,"href":"https:\/\/www.truedesign.it\/it\/wp-json\/wp\/v2\/story\/32213\/revisions\/32517"}],"wp:attachment":[{"href":"https:\/\/www.truedesign.it\/it\/wp-json\/wp\/v2\/media?parent=32213"}],"wp:term":[{"taxonomy":"story_typology","embeddable":true,"href":"https:\/\/www.truedesign.it\/it\/wp-json\/wp\/v2\/story_typology?post=32213"}],"curies":[{"name":"wp","href":"https:\/\/api.w.org\/{rel}","templated":true}]}}