{"id":1880,"date":"2023-11-08T12:07:56","date_gmt":"2023-11-08T11:07:56","guid":{"rendered":"https:\/\/www.truedesign.it\/?post_type=story&#038;p=1880"},"modified":"2024-09-23T12:24:44","modified_gmt":"2024-09-23T10:24:44","slug":"e-quo-the-making-of","status":"publish","type":"story","link":"https:\/\/www.truedesign.it\/it\/stories\/e-quo-the-making-of\/","title":{"rendered":"E-quo: the making of"},"content":{"rendered":"\n<div class=\"hero min-h-screen text-white relative px-4 lg:px-24 py-16 lg:py-40 flex flex-col gap-y-2 lg:gap-y-4 text-center justify-center items-center \">\n    <div class=\"hidden md:block left-0 top-0 absolute h-full w-full overflow-hidden \">\n                                    <img srcset=\"https:\/\/www.truedesign.it\/app\/uploads\/2023\/11\/1579883413-150x150.jpg 150w , https:\/\/www.truedesign.it\/app\/uploads\/2023\/11\/1579883413-300x172.jpg 300w , https:\/\/www.truedesign.it\/app\/uploads\/2023\/11\/1579883413-768x440.jpg 768w , https:\/\/www.truedesign.it\/app\/uploads\/2023\/11\/1579883413-1024x587.jpg 1024w , https:\/\/www.truedesign.it\/app\/uploads\/2023\/11\/1579883413-1536x880.jpg 1400w , https:\/\/www.truedesign.it\/app\/uploads\/2023\/11\/1579883413.jpg 2048w\" class=\"object-cover h-full w-full\" loading=\"lazy\" alt=\"1579883413\"\/>\n                        <\/div>\n    <div class=\"block md:hidden left-0 top-0 absolute h-full w-full overflow-hidden \">\n                                    <img srcset=\"https:\/\/www.truedesign.it\/app\/uploads\/2023\/11\/1579883413-150x150.jpg 150w , https:\/\/www.truedesign.it\/app\/uploads\/2023\/11\/1579883413-300x172.jpg 300w , https:\/\/www.truedesign.it\/app\/uploads\/2023\/11\/1579883413-768x440.jpg 768w , https:\/\/www.truedesign.it\/app\/uploads\/2023\/11\/1579883413-1024x587.jpg 1024w , https:\/\/www.truedesign.it\/app\/uploads\/2023\/11\/1579883413-1536x880.jpg 1400w , https:\/\/www.truedesign.it\/app\/uploads\/2023\/11\/1579883413.jpg 2048w\" class=\"object-cover h-full w-full\" loading=\"lazy\" alt=\"1579883413\"\/>\n                        <\/div>\n    <div class=\"relative z-10 hero__title-wrapper leading-tight\">\n        <h1 class=\"hero__title title text-xl lg:text-3xl font-semibold\"> <p>E-quo: the making of<\/p>\n <\/h1>\n    <\/div>\n            <\/div>\n\n\n\n<div style=\"height:100px\" aria-hidden=\"true\" class=\"wp-block-spacer\"><\/div>\n\n\n\n<div class=\"banner-text relative flex items-center h-full \">\n    <div class=\"block lg:w-3\/4 xl:w-2\/3 lg:mx-auto text-center max-w-screen-md\">\n                    <div class=\"my-10 mx-10 \">\n                \n<div class=\"title text-lg lg:text-[32px] font-semibold text-center animation-fade-in-up \">\n    <div> Lo scenario <\/div>\n<\/div>\n            <\/div>\n        \n        <div class=\"my-10 mx-10\">\n            \n<div class=\"text text-base text-center font-normal animation-fade-in-up \">\n    <div><p class=\"f-fascia-1__body is-in-viewport\" data-scroll-monitor=\"fade-in-from-bottom\">L\u2019ufficio \u00e8 un mondo sempre pi\u00f9 attivo e dinamico, caratterizzato da modalit\u00e0 lavorative in continuo mutamento. I tradizionali elementi di arredo (scrivania e seduta) vengono via via affiancati, se non sostituiti, da nuove realt\u00e0 quali poltrone, divani o pouf componibili sui quali si possono svolgere molte delle attivit\u00e0 operative di oggi, non necessariamente legate solo al lavoro.<\/p>\n<p class=\"f-fascia-1__body is-in-viewport\" data-scroll-monitor=\"fade-in-from-bottom\">In questo clima di continua ricerca e di rivoluzione dei canoni lavorativi si inserisce E-quo.<\/p>\n<\/div>\n<\/div>\n        <\/div>\n\n            <\/div>\n<\/div>\n\n\n\n<div style=\"height:50px\" aria-hidden=\"true\" class=\"wp-block-spacer\"><\/div>\n\n\n\n<div class=\"text-media relative lg:flex lg:items-center max-w-screen-xl mx-auto justify-center gap-12 lg:gap-16 px-5 lg:px-20 \">\n    <div class=\"max-w-100 mx-auto lg:mx-0 \">\n        <div>\n            <div class=\"mb-4 leading-10\">\n                <div class=\"title text-[22px] lg:text-[30px] font-semibold text-left animation-fade-in-up \">\n                    <div> La collezione <\/div>\n                <\/div>\n            <\/div>\n            <div class=\"mr-4 lg:mr-0 my-4 lg:my-8 leading-7\">\n                \n<div class=\"text text-base text-left font-light animation-fade-in-up \">\n    <div><p class=\"f-fascia-3__body\">Un oggetto nuovo, anomalo e ibrido. Una seduta che sta a met\u00e0 strada fra lo sgabello, la panca e la parete in cui ci appoggiamo in modo istintivo e informale mentre chiacchieriamo, al telefono cos\u00ec come di persona.<\/p>\n<\/div>\n<\/div>\n            <\/div>\n                            <div class=\"mr-4 lg:mr-0 lg:mt-8\">\n                    \n    <a class=\"cta-underline inline-flex items-center gap-x-2 w-fit group animation-fade-in-up\" target=\"_self\" href=\"https:\/\/www.youtube.com\/watch?v=bJFIua8VVF8\">\n        <div class=\"cta__text transition-colors relative --hover-animation text-base font-semibold break-normal\">Clicca per guardare il video<\/div>\n                    <div class=\"h-4 lg:translate-y-4 transition duration-300 opacity-0 group-hover:opacity-100 lg:group-hover:translate-y-0\"><svg width=\"30\" height=\"30\" viewBox=\"0 0 16 16\" fill=\"none\" xmlns=\"http:\/\/www.w3.org\/2000\/svg\">\n<g clip-path=\"url(#clip0_629_5901)\">\n<path d=\"M1 1H15M15 1V15M15 1L1 15\" stroke=\"currentColor\"\/>\n<\/g>\n<defs>\n<clipPath id=\"clip0_629_5901\">\n<rect width=\"30\" height=\"30\" fill=\"white\"\/>\n<\/clipPath>\n<\/defs>\n<\/svg>\n <\/div>\n            <\/a>\n                <\/div>\n                    <\/div>\n    <\/div>\n    <div class=\"my-12 \">\n                                    <img class=\"w-[430px] lg:ml-auto aspect-square animation-fade-in-up mx-auto lg:mx-0 object-contain\" srcset=\"https:\/\/www.truedesign.it\/app\/uploads\/2023\/11\/1580122589-150x150.jpg 150w , https:\/\/www.truedesign.it\/app\/uploads\/2023\/11\/1580122589-300x300.jpg 300w , https:\/\/www.truedesign.it\/app\/uploads\/2023\/11\/1580122589.jpg 768w , https:\/\/www.truedesign.it\/app\/uploads\/2023\/11\/1580122589.jpg 1024w\" loading=\"lazy\" alt=\"\" \/>\n                        <\/div>\n<\/div>\n\n\n\n<div style=\"height:50px\" aria-hidden=\"true\" class=\"wp-block-spacer\"><\/div>\n\n\n\n<div class=\"banner-text relative flex items-center h-full \">\n    <div class=\"block lg:w-3\/4 xl:w-2\/3 lg:mx-auto text-center max-w-screen-md\">\n        \n        <div class=\"my-10 mx-10\">\n            \n<div class=\"text text-base text-center font-normal animation-fade-in-up \">\n    <div><p class=\"text-small text-left\">Lo spunto \u00e8 nato dai grandi luoghi di incontro e di scambio tra le persone: fiere, aeroporti, centri commerciali; panche, sedute, divanetti distribuiti in questi \u201cnon luoghi\u201d diventano essi stessi luoghi di attrazione: lo spazio non solo del riposo, ma anche della telefonata, della lettura, della breve riunione o della pausa pranzo.<\/p>\n<p>&nbsp;<\/p>\n<p class=\"text-small text-left\">E-quo \u00e8 sicuramente il frutto della sottrazione: una seduta, un luogo di lavoro ridotto ai minimi termini, solo l&#8217;essenziale per poter svolgere le nostre attivit\u00e0, perch\u00e8 spesso l&#8217;eccesso di sovrastrutture rappresenta un inutile vincolo all&#8217;agire umano.<\/p>\n<\/div>\n<\/div>\n        <\/div>\n\n            <\/div>\n<\/div>\n\n\n\n<div style=\"height:50px\" aria-hidden=\"true\" class=\"wp-block-spacer\"><\/div>\n\n\n\n<div class=\"text-media relative lg:flex lg:items-center max-w-screen-xl mx-auto justify-center gap-12 lg:gap-16 px-5 lg:px-20 \">\n    <div class=\"max-w-100 mx-auto lg:mx-0 \">\n        <div>\n            <div class=\"mb-4 leading-10\">\n                <div class=\"title text-[22px] lg:text-[30px] font-semibold text-left animation-fade-in-up \">\n                    <div> Il concept <\/div>\n                <\/div>\n            <\/div>\n            <div class=\"mr-4 lg:mr-0 my-4 lg:my-8 leading-7\">\n                \n<div class=\"text text-base text-left font-light animation-fade-in-up \">\n    <div><p class=\"f-fascia-3__body\">E-quo ha una seduta dalle misure molto contenute a circa 60 cm di altezza ed \u00e8 quindi studiato per una sosta temporanea in posizione semi eretta.<br \/>\nL&#8217;idea \u00e8 di portare nell&#8217;ambiente di lavoro quello che abitualmente si fa all&#8217;aria aperta quando ci si &#8220;appoggia&#8221; ad un muretto per fare una telefonata, prendere appunti o navigare sul tablet.<\/p>\n<\/div>\n<\/div>\n            <\/div>\n                    <\/div>\n    <\/div>\n    <div class=\"my-12 \">\n                                    <img class=\"w-[430px] lg:ml-auto aspect-square animation-fade-in-up mx-auto lg:mx-0 object-contain\" srcset=\"https:\/\/www.truedesign.it\/app\/uploads\/2023\/11\/1579880518-150x150.jpg 150w , https:\/\/www.truedesign.it\/app\/uploads\/2023\/11\/1579880518-300x300.jpg 300w , https:\/\/www.truedesign.it\/app\/uploads\/2023\/11\/1579880518-768x768.jpg 768w , https:\/\/www.truedesign.it\/app\/uploads\/2023\/11\/1579880518-1024x1024.jpg 1024w\" loading=\"lazy\" alt=\"\" \/>\n                        <\/div>\n<\/div>\n\n\n\n<div style=\"height:50px\" aria-hidden=\"true\" class=\"wp-block-spacer\"><\/div>\n\n\n\n<div class=\"banner-text relative flex items-center h-full \">\n    <div class=\"block lg:w-3\/4 xl:w-2\/3 lg:mx-auto text-center max-w-screen-md\">\n                    <div class=\"my-10 mx-10 \">\n                \n<div class=\"title text-lg lg:text-[32px] font-semibold text-center animation-fade-in-up \">\n    <div> Tutto \u00e8 possibile, tutto \u00e8 concesso. <\/div>\n<\/div>\n            <\/div>\n        \n        <div class=\"my-10 mx-10\">\n            \n<div class=\"text text-base text-center font-normal animation-fade-in-up \">\n    <div><p class=\"f-fascia-1__body is-in-viewport\" data-scroll-monitor=\"fade-in-from-bottom\">L&#8217;intervento progettuale \u00e8 stato mirato proprio a rendere pi\u00f9 attraente, confortevole e funzionale l&#8217;oggetto senza tradire la sua anima minimale. E-quo \u00e8 anche il luogo della libert\u00e0, lo spazio da occupare in modo consapevole e istintivo perch\u00e9 lascia totale indipendenza di interpretazione e di occupazione dell\u2019oggetto.<br \/>\nSedersi, accovacciarsi, appoggiarsi, stare in piedi, a cavalcioni o nei pressi nell\u2019attesa della carica del telefono. Tutto \u00e8 possibile, tutto \u00e8 concesso. Anche lavorare, scrivere, mangiare, giocare sul piano di lavoro. \u00c8 un oggetto che si presta ad assecondare le esigenze delle persone senza imporre una gerarchia di postura: non avvolge, non costringe, non blocca, non inghiottisce.<\/p>\n<\/div>\n<\/div>\n        <\/div>\n\n            <\/div>\n<\/div>\n\n\n\n<div class=\"banner-text relative flex items-center h-full \">\n    <div class=\"block lg:w-3\/4 xl:w-2\/3 lg:mx-auto text-center max-w-screen-md\">\n        \n        <div class=\"my-10 mx-10\">\n            \n<div class=\"text text-base text-center font-normal animation-fade-in-up \">\n    <div><p>E-quo \u00e8 la sintesi di un processo progettuale che parte dall&#8217;osservazione di comportamenti spontanei dell&#8217;uomo per codificarli in nuove possibilit\u00e0 abitative e quindi in nuovi complementi di arredo.<br \/>\nE-quo \u00e8 corredato da cablaggi elettrici e usb che consentono, durante la sosta, di ricaricare gli apparati elettronici.<\/p>\n<\/div>\n<\/div>\n        <\/div>\n\n            <\/div>\n<\/div>\n\n\n\n<div style=\"height:50px\" aria-hidden=\"true\" class=\"wp-block-spacer\"><\/div>\n\n\n\n<div class=\"text-media relative lg:flex lg:items-center max-w-screen-xl mx-auto justify-center gap-12 lg:gap-16 px-5 lg:px-20 \">\n    <div class=\"max-w-100 mx-auto lg:mx-0 \">\n        <div>\n            <div class=\"mb-4 leading-10\">\n                <div class=\"title text-[22px] lg:text-[30px] font-semibold text-left animation-fade-in-up \">\n                    <div> Orlandini Design <\/div>\n                <\/div>\n            <\/div>\n            <div class=\"mr-4 lg:mr-0 my-4 lg:my-8 leading-7\">\n                \n<div class=\"text text-base text-left font-light animation-fade-in-up \">\n    <div><p class=\"f-fascia-3__body\">Uno studio in cui la lunga esperienza nella professione si incontra con con una pi\u00f9 acuta attenzione verso le nuove tendenze I nuovi materiali e le nuove tecnologie.<br \/>\nLa cifra stilistica dei prodotti Orlandini Design \u00e8 soprattutto la grande\u00a0<strong>pulizia formale<\/strong>\u00a0che vuol dire progettare soluzioni tecniche che rendano il prodotto economico e affidabile ed anche con un occhio ai problemi della produzione.<\/p>\n<\/div>\n<\/div>\n            <\/div>\n                    <\/div>\n    <\/div>\n    <div class=\"my-12 \">\n                                    <img class=\"w-[430px] lg:ml-auto aspect-square animation-fade-in-up mx-auto lg:mx-0 object-contain\" srcset=\"https:\/\/www.truedesign.it\/app\/uploads\/2023\/11\/1579881523-150x150.jpg 150w , https:\/\/www.truedesign.it\/app\/uploads\/2023\/11\/1579881523-300x300.jpg 300w , https:\/\/www.truedesign.it\/app\/uploads\/2023\/11\/1579881523-768x768.jpg 768w , https:\/\/www.truedesign.it\/app\/uploads\/2023\/11\/1579881523-1024x1024.jpg 1024w\" loading=\"lazy\" alt=\"\" \/>\n                        <\/div>\n<\/div>\n","protected":false},"featured_media":0,"template":"","story_typology":[181],"class_list":["post-1880","story","type-story","status-publish","hentry","story_typology-behind-the-scenes"],"acf":{"preview_image":11926,"short_description":"L\u2019ufficio \u00e8 un mondo sempre pi\u00f9 attivo e dinamico, caratterizzato da modalit\u00e0 lavorative in continuo mutamento. I tradizionali elementi di arredo (scrivania e seduta) vengono via via affiancati, se non sostituiti, da nuove realt\u00e0 quali poltrone, divani o pouf componibili sui quali si possono svolgere molte delle attivit\u00e0 operative di oggi, non necessariamente legate solo al lavoro.\r\n\r\nIn questo clima di continua ricerca e di rivoluzione dei canoni lavorativi si inserisce E-quo."},"yoast_head":"<!-- This site is optimized with the Yoast SEO plugin v26.0 - https:\/\/yoast.com\/wordpress\/plugins\/seo\/ -->\n<title>E-quo: the making of - True Design<\/title>\n<meta name=\"description\" content=\"Scopri come i nostri prodotti di design plasmano gli spazi, leggendo E-quo: the making of .\" \/>\n<meta name=\"robots\" content=\"index, follow, max-snippet:-1, max-image-preview:large, max-video-preview:-1\" \/>\n<link rel=\"canonical\" href=\"https:\/\/www.truedesign.it\/it\/stories\/e-quo-the-making-of\/\" \/>\n<meta property=\"og:locale\" content=\"it_IT\" \/>\n<meta property=\"og:type\" content=\"article\" \/>\n<meta property=\"og:title\" content=\"E-quo: the making of - True Design\" \/>\n<meta property=\"og:description\" content=\"Scopri come i nostri prodotti di design plasmano gli spazi, leggendo E-quo: the making of .\" \/>\n<meta property=\"og:url\" content=\"https:\/\/www.truedesign.it\/it\/stories\/e-quo-the-making-of\/\" \/>\n<meta property=\"og:site_name\" content=\"True Design\" \/>\n<meta property=\"article:modified_time\" content=\"2024-09-23T10:24:44+00:00\" \/>\n<meta name=\"twitter:card\" content=\"summary_large_image\" \/>\n<!-- \/ Yoast SEO plugin. -->","yoast_head_json":{"title":"E-quo: the making of - True Design","description":"Scopri come i nostri prodotti di design plasmano gli spazi, leggendo E-quo: the making of .","robots":{"index":"index","follow":"follow","max-snippet":"max-snippet:-1","max-image-preview":"max-image-preview:large","max-video-preview":"max-video-preview:-1"},"canonical":"https:\/\/www.truedesign.it\/it\/stories\/e-quo-the-making-of\/","og_locale":"it_IT","og_type":"article","og_title":"E-quo: the making of - True Design","og_description":"Scopri come i nostri prodotti di design plasmano gli spazi, leggendo E-quo: the making of .","og_url":"https:\/\/www.truedesign.it\/it\/stories\/e-quo-the-making-of\/","og_site_name":"True Design","article_modified_time":"2024-09-23T10:24:44+00:00","twitter_card":"summary_large_image","schema":{"@context":"https:\/\/schema.org","@graph":[{"@type":"WebPage","@id":"https:\/\/www.truedesign.it\/it\/stories\/e-quo-the-making-of\/","url":"https:\/\/www.truedesign.it\/it\/stories\/e-quo-the-making-of\/","name":"E-quo: the making of - True Design","isPartOf":{"@id":"https:\/\/truedesign.we-dev.it\/it\/#website"},"datePublished":"2023-11-08T11:07:56+00:00","dateModified":"2024-09-23T10:24:44+00:00","description":"Scopri come i nostri prodotti di design plasmano gli spazi, leggendo E-quo: the making of .","breadcrumb":{"@id":"https:\/\/www.truedesign.it\/it\/stories\/e-quo-the-making-of\/#breadcrumb"},"inLanguage":"it-IT","potentialAction":[{"@type":"ReadAction","target":["https:\/\/www.truedesign.it\/it\/stories\/e-quo-the-making-of\/"]}]},{"@type":"BreadcrumbList","@id":"https:\/\/www.truedesign.it\/it\/stories\/e-quo-the-making-of\/#breadcrumb","itemListElement":[{"@type":"ListItem","position":1,"name":"Home","item":"https:\/\/www.truedesign.it\/it\/"},{"@type":"ListItem","position":2,"name":"Stories","item":"https:\/\/www.truedesign.it\/it\/stories\/"},{"@type":"ListItem","position":3,"name":"E-quo: the making of"}]},{"@type":"WebSite","@id":"https:\/\/truedesign.we-dev.it\/it\/#website","url":"https:\/\/truedesign.we-dev.it\/it\/","name":"True Design","description":"Extraordinary. Everyday.","inLanguage":"it-IT"}]}},"_links":{"self":[{"href":"https:\/\/www.truedesign.it\/it\/wp-json\/wp\/v2\/story\/1880","targetHints":{"allow":["GET"]}}],"collection":[{"href":"https:\/\/www.truedesign.it\/it\/wp-json\/wp\/v2\/story"}],"about":[{"href":"https:\/\/www.truedesign.it\/it\/wp-json\/wp\/v2\/types\/story"}],"version-history":[{"count":0,"href":"https:\/\/www.truedesign.it\/it\/wp-json\/wp\/v2\/story\/1880\/revisions"}],"wp:attachment":[{"href":"https:\/\/www.truedesign.it\/it\/wp-json\/wp\/v2\/media?parent=1880"}],"wp:term":[{"taxonomy":"story_typology","embeddable":true,"href":"https:\/\/www.truedesign.it\/it\/wp-json\/wp\/v2\/story_typology?post=1880"}],"curies":[{"name":"wp","href":"https:\/\/api.w.org\/{rel}","templated":true}]}}