{"id":32509,"date":"2025-11-21T09:48:34","date_gmt":"2025-11-21T08:48:34","guid":{"rendered":"https:\/\/www.truedesign.it\/?post_type=story&#038;p=32509"},"modified":"2025-11-21T12:12:34","modified_gmt":"2025-11-21T11:12:34","slug":"mobilier-design-pour-lautomne","status":"publish","type":"story","link":"https:\/\/www.truedesign.it\/fr\/stories\/mobilier-design-pour-lautomne\/","title":{"rendered":"Mobilier design pour l&#8217;automne"},"content":{"rendered":"\n<div style=\"height:100px\" aria-hidden=\"true\" class=\"wp-block-spacer\"><\/div>\n\n<section class=\"video flex align-center justify-center relative animation-fade-in-up --wide \">\n    <div class=\"video__container relative w-screen max-w-screen-huge mx-auto\">\n                                    <video class=\"hidden lg:block w-full\" autoplay muted loop playsinline>\n                    <source src=\"https:\/\/www.truedesign.it\/app\/uploads\/2025\/11\/Autunno_home-1.mp4\" type=\"video\/mp4\" \/>\n                <\/video>\n            \n                            <video class=\"lg:hidden w-full\" autoplay muted loop playsinline>\n                    <source src=\"https:\/\/www.truedesign.it\/app\/uploads\/2025\/11\/home-mobile-ok.mp4\" type=\"video\/mp4\" \/>\n                <\/video>\n                        <\/div>\n<\/section>\n\n<div style=\"height:100px\" aria-hidden=\"true\" class=\"wp-block-spacer\"><\/div>\n\n<div class=\"block-text max-w-screen-huge w-full lg:w-2\/3 px-8 mx-auto \">\n    \n<div class=\"text text-base text-left font-normal animation-fade-in-up \">\n    <div><h2 style=\"font-weight: 400; text-align: center;\"><strong>La beaut\u00e9 des mat\u00e9riaux naturels rencontre le rythme de l&#8217;automne<\/strong><\/h2>\n<p><\/p>\n<p style=\"font-weight: 400; text-align: center;\">\u00c0 l&#8217;arriv\u00e9e de l&#8217;automne, les espaces se transforment. La lumi\u00e8re se fait plus chaude, le rythme ralentit et le d\u00e9sir d&#8217;\u00e9quilibre entre l&#8217;int\u00e9rieur et l&#8217;ext\u00e9rieur grandit.<\/p>\n<p><\/p>\n<p style=\"font-weight: 400; text-align: center;\"><strong>True Design<\/strong> accompagne cette saison d&#8217;une s\u00e9lection de <strong>meubles design italiens<\/strong>, con\u00e7us pour vivre chaque espace de mani\u00e8re naturelle, fonctionnelle et authentique.<br \/>\nDes collections d&#8217;ext\u00e9rieur et d&#8217;int\u00e9rieur qui mettent en valeur la beaut\u00e9 des mat\u00e9riaux et le lien entre la maison et la nature\u00a0: <strong>Marina Out<\/strong>,\u00a0<strong>Lisa<\/strong>,\u00a0<strong>Not Out<\/strong>\u00a0et <strong>Essence<\/strong>.<\/p>\n<\/div>\n<\/div>\n<\/div>\n\n<div style=\"height:100px\" aria-hidden=\"true\" class=\"wp-block-spacer\"><\/div>\n\n<div class=\"text-media relative lg:flex lg:items-center max-w-screen-xl mx-auto justify-center gap-12 lg:gap-16 px-5 lg:px-20 \">\n    <div class=\"max-w-100 mx-auto lg:mx-0 \">\n        <div>\n            <div class=\"mb-4 leading-10\">\n                <div class=\"title text-[22px] lg:text-[30px] font-semibold text-left animation-fade-in-up \">\n                    <div> Marina Out : mobilier d&#8217;ext\u00e9rieur design pour chaque saison   <\/div>\n                <\/div>\n            <\/div>\n            <div class=\"mr-4 lg:mr-0 my-4 lg:my-8 leading-7\">\n                \n<div class=\"text text-base text-left font-light animation-fade-in-up \">\n    <div><p style=\"font-weight: 400;\">La collection <strong>Marina Out<\/strong> interpr\u00e8te le concept de vie en plein air avec l\u00e9g\u00e8ret\u00e9 et r\u00e9sistance.<br \/>\nFabriqu\u00e9e avec des mat\u00e9riaux durables et des formes essentielles, elle est con\u00e7ue pour ceux qui aiment vivre en plein air m\u00eame pendant les mois d&#8217;automne.<\/p>\n<p><span style=\"font-weight: 400;\">Cette chaise d&#8217;ext\u00e9rieur s&#8217;int\u00e8gre harmonieusement au paysage, devenant partie int\u00e9grante de l&#8217;environnement naturel.<\/span><span style=\"font-weight: 400;\"><br \/>\n<\/span><span style=\"font-weight: 400;\">Id\u00e9al pour les terrasses, les jardins ou les espaces contractuels, <strong>Marina Out<\/strong> repr\u00e9sente la synth\u00e8se du <strong>design italien<\/strong>, du<strong> confort <\/strong>et de la<strong> durabilit\u00e9.<\/strong><\/span><\/p>\n<\/div>\n<\/div>\n            <\/div>\n                    <\/div>\n    <\/div>\n    <div class=\"my-12 \">\n                                    <img class=\"w-[430px] lg:ml-auto aspect-square animation-fade-in-up mx-auto lg:mx-0 object-contain\" srcset=\"https:\/\/www.truedesign.it\/app\/uploads\/2025\/11\/TRUE_Mimesi_165-150x150.jpg 150w , https:\/\/www.truedesign.it\/app\/uploads\/2025\/11\/TRUE_Mimesi_165-240x300.jpg 300w , https:\/\/www.truedesign.it\/app\/uploads\/2025\/11\/TRUE_Mimesi_165.jpg 768w , https:\/\/www.truedesign.it\/app\/uploads\/2025\/11\/TRUE_Mimesi_165.jpg 1024w\" loading=\"lazy\" alt=\"\" \/>\n                        <\/div>\n<\/div>\n\n<div style=\"height:100px\" aria-hidden=\"true\" class=\"wp-block-spacer\"><\/div>\n\n<section class=\"image flex align-center justify-center relative animation-fade-in-up  zoomed --boxed\" data-zoom-animation=\"1\">\n    <div class=\"image__container overflow-hidden relative w-screen max-w-screen-huge mx-auto\">\n                    <img class=\"hidden lg:block w-full object-contain\" srcset=\"https:\/\/www.truedesign.it\/app\/uploads\/2025\/11\/Untitled-1-1-2-1-150x150.jpg 150w , https:\/\/www.truedesign.it\/app\/uploads\/2025\/11\/Untitled-1-1-2-1-300x216.jpg 300w , https:\/\/www.truedesign.it\/app\/uploads\/2025\/11\/Untitled-1-1-2-1-768x552.jpg 768w , https:\/\/www.truedesign.it\/app\/uploads\/2025\/11\/Untitled-1-1-2-1-1024x737.jpg 1024w , https:\/\/www.truedesign.it\/app\/uploads\/2025\/11\/Untitled-1-1-2-1-1536x1105.jpg 1400w , https:\/\/www.truedesign.it\/app\/uploads\/2025\/11\/Untitled-1-1-2-1.jpg 2048w\" loading=\"lazy\" alt=\"Untitled-1-1-2\"  \/>\n                            <img class=\"lg:hidden w-full object-contain\" srcset=\"https:\/\/www.truedesign.it\/app\/uploads\/2025\/11\/Untitled-1-1-2-1-150x150.jpg 150w , https:\/\/www.truedesign.it\/app\/uploads\/2025\/11\/Untitled-1-1-2-1-300x216.jpg 300w , https:\/\/www.truedesign.it\/app\/uploads\/2025\/11\/Untitled-1-1-2-1-768x552.jpg 768w , https:\/\/www.truedesign.it\/app\/uploads\/2025\/11\/Untitled-1-1-2-1-1024x737.jpg 1024w , https:\/\/www.truedesign.it\/app\/uploads\/2025\/11\/Untitled-1-1-2-1-1536x1105.jpg 1400w , https:\/\/www.truedesign.it\/app\/uploads\/2025\/11\/Untitled-1-1-2-1.jpg 2048w\" loading=\"lazy\" alt=\"Untitled-1-1-2\"  \/>\n            <\/div>\n<\/section>\n\n<div style=\"height:100px\" aria-hidden=\"true\" class=\"wp-block-spacer\"><\/div>\n        <style>\n                                <\/style>\n    \n<div class=\"block-columns relative px-5 -n-cols-1 max-w-screen-md mx-auto \">\n            <div class=\"block-columns__title font-semibold mb-10 lg:px-14\">\n            <div class=\"title text-xl lg:text-[32px] font-semibold text-left animation-fade-in-up \">\n                <div> <p style=\"font-weight: 400; text-align: center;\"><strong>Lisa: chaises design en bois de style contemporain <\/strong><\/p>\n <\/div>\n            <\/div>\n        <\/div>\n    \n    <div class=\"block-columns__wrapper lg:flex lg:justify-center \">\n                    <div class=\"block-columns__text-wr flex-1 my-8 lg:my-10 lg:px-14\">\n                \n<div class=\"text  text-left font-light animation-fade-in-up \">\n    <div><p style=\"font-weight: 400; text-align: center;\">Avec<strong> Lisa<\/strong>, True Design c\u00e9l\u00e8bre la chaleur du bois et la l\u00e9g\u00e8ret\u00e9 des formes.<br \/>\nSes lignes douces, ses proportions \u00e9quilibr\u00e9es et sa version avec accoudoirs en font un meuble id\u00e9al pour les environnements domestiques et les espaces publics.<br \/>\nLisa est une <strong>chaise en bois de conception italienne<\/strong>, pens\u00e9e pour offrir confort et beaut\u00e9 intemporelle.<\/p>\n<p><\/p>\n<p style=\"text-align: center;\"><span style=\"font-weight: 400;\">Un meuble qui enrichit chaque espace par sa pr\u00e9sence discr\u00e8te et naturelle.<\/span><\/p>\n<\/div>\n<\/div>\n            <\/div>\n            <\/div>\n<\/div>\n\n<div style=\"height:100px\" aria-hidden=\"true\" class=\"wp-block-spacer\"><\/div>\n\n<section class=\"image flex align-center justify-center relative animation-fade-in-up  zoomed --wide\" data-zoom-animation=\"1\">\n    <div class=\"image__container overflow-hidden relative w-screen max-w-screen-huge mx-auto\">\n                    <img class=\"hidden lg:block w-full object-contain\" srcset=\"https:\/\/www.truedesign.it\/app\/uploads\/2025\/11\/Untitled-2-1-150x150.jpg 150w , https:\/\/www.truedesign.it\/app\/uploads\/2025\/11\/Untitled-2-1-300x155.jpg 300w , https:\/\/www.truedesign.it\/app\/uploads\/2025\/11\/Untitled-2-1-768x396.jpg 768w , https:\/\/www.truedesign.it\/app\/uploads\/2025\/11\/Untitled-2-1-1024x529.jpg 1024w , https:\/\/www.truedesign.it\/app\/uploads\/2025\/11\/Untitled-2-1-1536x793.jpg 1400w , https:\/\/www.truedesign.it\/app\/uploads\/2025\/11\/Untitled-2-1.jpg 2048w\" loading=\"lazy\" alt=\"Untitled-2\"  \/>\n                            <img class=\"lg:hidden w-full object-contain\" srcset=\"https:\/\/www.truedesign.it\/app\/uploads\/2025\/11\/Untitled-2-1-150x150.jpg 150w , https:\/\/www.truedesign.it\/app\/uploads\/2025\/11\/Untitled-2-1-300x155.jpg 300w , https:\/\/www.truedesign.it\/app\/uploads\/2025\/11\/Untitled-2-1-768x396.jpg 768w , https:\/\/www.truedesign.it\/app\/uploads\/2025\/11\/Untitled-2-1-1024x529.jpg 1024w , https:\/\/www.truedesign.it\/app\/uploads\/2025\/11\/Untitled-2-1-1536x793.jpg 1400w , https:\/\/www.truedesign.it\/app\/uploads\/2025\/11\/Untitled-2-1.jpg 2048w\" loading=\"lazy\" alt=\"Untitled-2\"  \/>\n            <\/div>\n<\/section>\n\n<div style=\"height:100px\" aria-hidden=\"true\" class=\"wp-block-spacer\"><\/div>\n        <style>\n                                <\/style>\n    \n<div class=\"block-columns relative px-5 -n-cols-1 max-w-screen-md mx-auto \">\n            <div class=\"block-columns__title font-semibold mb-10 lg:px-14\">\n            <div class=\"title text-xl lg:text-[32px] font-semibold text-left animation-fade-in-up \">\n                <div> <div><b><span lang=\"FR\">Not Out : design ext\u00e9rieur sans saison <\/span><\/b><\/div>\n <\/div>\n            <\/div>\n        <\/div>\n    \n    <div class=\"block-columns__wrapper lg:flex lg:justify-center \">\n                    <div class=\"block-columns__text-wr flex-1 my-8 lg:my-10 lg:px-14\">\n                \n<div class=\"text  text-left font-light animation-fade-in-up \">\n    <div><p style=\"font-weight: 400;\"><strong>Not Out\u00a0<\/strong>red\u00e9finit notre fa\u00e7on de vivre le plein air. Une collection polyvalente et contemporaine qui s&#8217;adapte facilement aux terrasses, v\u00e9randas et espaces hybrides entre int\u00e9rieur et ext\u00e9rieur.<\/p>\n<p><\/p>\n<p style=\"font-weight: 400;\">Chaises et tables aux lignes \u00e9pur\u00e9es, r\u00e9sistantes aux intemp\u00e9ries et au temps, sign\u00e9es True Design.<\/p>\n<p><\/p>\n<p style=\"font-weight: 400;\"><strong>Mobilier d&#8217;ext\u00e9rieur de qualit\u00e9<\/strong>, con\u00e7u pour ceux qui recherchent fonctionnalit\u00e9 et style en toute saison.<\/p>\n<\/div>\n<\/div>\n            <\/div>\n            <\/div>\n<\/div>\n\n<div class=\"text-media relative lg:flex lg:items-center max-w-screen-xl mx-auto justify-center gap-12 lg:gap-16 px-5 lg:px-20 \">\n    <div class=\"max-w-100 mx-auto lg:mx-0 order-2\">\n        <div>\n            <div class=\"mb-4 leading-10\">\n                <div class=\"title text-[22px] lg:text-[30px] font-semibold text-left animation-fade-in-up \">\n                    <div> Essence : meubles en bois au design essentiel <\/div>\n                <\/div>\n            <\/div>\n            <div class=\"mr-4 lg:mr-0 my-4 lg:my-8 leading-7\">\n                \n<div class=\"text text-base text-left font-light animation-fade-in-up \">\n    <div><p style=\"font-weight: 400;\"><strong>Essence <\/strong>est une collection qui t\u00e9moigne de l&#8217;authenticit\u00e9 de la mati\u00e8re.<\/p>\n<p><\/p>\n<p style=\"font-weight: 400;\">Le bois occupe le devant de la sc\u00e8ne, exprimant solidit\u00e9, naturel et chaleur.<\/p>\n<p><\/p>\n<p style=\"font-weight: 400;\">Tables et chaises aux proportions parfaites, o\u00f9 chaque d\u00e9tail est con\u00e7u pour durer.<\/p>\n<p><span style=\"font-weight: 400;\">Avec <strong>Essence,<\/strong> True Design propose une ligne de <strong>meubles en bois de conception italienne<\/strong> alliant \u00e9l\u00e9gance et fonctionnalit\u00e9, id\u00e9ale pour les environnements r\u00e9sidentiels et professionnels.<\/span><\/p>\n<\/div>\n<\/div>\n            <\/div>\n                    <\/div>\n    <\/div>\n    <div class=\"my-12 order-1\">\n                                    <video class=\"w-[430px] lg:ml-auto aspect-square animation-fade-in-up mx-auto lg:mx-0 object-cover\" muted autoplay loop playsinline>\n                    <source src=\"https:\/\/www.truedesign.it\/app\/uploads\/2025\/11\/Sequence-03.mp4\" type=\"video\/mp4\" \/>\n                <\/video>\n                        <\/div>\n<\/div>\n\n<div style=\"height:100px\" aria-hidden=\"true\" class=\"wp-block-spacer\"><\/div>\n\n<section class=\"image flex align-center justify-center relative animation-fade-in-up   --wide\" data-zoom-animation=\"\">\n    <div class=\"image__container overflow-hidden relative w-screen max-w-screen-huge mx-auto\">\n                    <img class=\"hidden lg:block w-full object-contain\" srcset=\"https:\/\/www.truedesign.it\/app\/uploads\/2025\/11\/TRUE_alba_5240-HDR-1-150x150.jpg 150w , https:\/\/www.truedesign.it\/app\/uploads\/2025\/11\/TRUE_alba_5240-HDR-1-300x169.jpg 300w , https:\/\/www.truedesign.it\/app\/uploads\/2025\/11\/TRUE_alba_5240-HDR-1-768x432.jpg 768w , https:\/\/www.truedesign.it\/app\/uploads\/2025\/11\/TRUE_alba_5240-HDR-1-1024x577.jpg 1024w , https:\/\/www.truedesign.it\/app\/uploads\/2025\/11\/TRUE_alba_5240-HDR-1-1536x865.jpg 1400w , https:\/\/www.truedesign.it\/app\/uploads\/2025\/11\/TRUE_alba_5240-HDR-1.jpg 2048w\" loading=\"lazy\" alt=\"TRUE_alba_5240-HDR\"  \/>\n                            <img class=\"lg:hidden w-full object-contain\" srcset=\"https:\/\/www.truedesign.it\/app\/uploads\/2025\/11\/TRUE_alba_5240-HDR-1-150x150.jpg 150w , https:\/\/www.truedesign.it\/app\/uploads\/2025\/11\/TRUE_alba_5240-HDR-1-300x169.jpg 300w , https:\/\/www.truedesign.it\/app\/uploads\/2025\/11\/TRUE_alba_5240-HDR-1-768x432.jpg 768w , https:\/\/www.truedesign.it\/app\/uploads\/2025\/11\/TRUE_alba_5240-HDR-1-1024x577.jpg 1024w , https:\/\/www.truedesign.it\/app\/uploads\/2025\/11\/TRUE_alba_5240-HDR-1-1536x865.jpg 1400w , https:\/\/www.truedesign.it\/app\/uploads\/2025\/11\/TRUE_alba_5240-HDR-1.jpg 2048w\" loading=\"lazy\" alt=\"TRUE_alba_5240-HDR\"  \/>\n            <\/div>\n<\/section>\n\n<div style=\"height:100px\" aria-hidden=\"true\" class=\"wp-block-spacer\"><\/div>\n        <style>\n                                <\/style>\n    \n<div class=\"block-columns relative px-5 -n-cols-1 max-w-screen-md mx-auto \">\n            <div class=\"block-columns__title font-semibold mb-10 lg:px-14\">\n            <div class=\"title text-xl lg:text-[32px] font-semibold text-left animation-fade-in-up \">\n                <div> <h3 style=\"font-weight: 400; text-align: center;\"><strong>Fender et Blade Coffee Table : des d\u00e9tails qui compl\u00e8tent l&#8217;espace<\/strong><\/h3>\n <\/div>\n            <\/div>\n        <\/div>\n    \n    <div class=\"block-columns__wrapper lg:flex lg:justify-center \">\n                    <div class=\"block-columns__text-wr flex-1 my-8 lg:my-10 lg:px-14\">\n                \n<div class=\"text  text-left font-light animation-fade-in-up \">\n    <div><p style=\"font-weight: 400; text-align: center;\">Parmi les collections True Design, <strong>les tables basses Fender<\/strong> et <strong>Blade<\/strong> apportent du caract\u00e8re et de la personnalit\u00e9 \u00e0 n&#8217;importe quelle pi\u00e8ce.<\/p>\n<p><\/p>\n<p style=\"font-weight: 400; text-align: center;\">\nLa<strong> table basse Fender <\/strong>se distingue par sa<strong> poign\u00e9e centrale, <\/strong>un d\u00e9tail \u00e0 la fois fonctionnel et ironique qui la rend facile \u00e0 d\u00e9placer et id\u00e9ale pour les espaces flexibles et dynamiques.<\/p>\n<p><\/p>\n<p style=\"font-weight: 400; text-align: center;\">\nLa <strong>table basse Blade<\/strong>, quant \u00e0 elle<strong>, <\/strong>exprime une \u00e9l\u00e9gance essentielle gr\u00e2ce \u00e0 son<strong> plateau en marbre <\/strong>et \u00e0 sa structure fine\u00a0: un \u00e9quilibre subtil entre mat\u00e9riaux naturels et l\u00e9g\u00e8ret\u00e9 visuelle.<\/p>\n<p><\/p>\n<p style=\"font-weight: 400; text-align: center;\">\nToutes deux interpr\u00e8tent la philosophie de True Design : <strong>authenticit\u00e9, fonctionnalit\u00e9<\/strong> et <strong>design italien,<\/strong> offrant des compl\u00e9ments polyvalents et distinctifs pour les int\u00e9rieurs contemporains.<\/p>\n<\/div>\n<\/div>\n            <\/div>\n            <\/div>\n<\/div>\n\n<div style=\"height:100px\" aria-hidden=\"true\" class=\"wp-block-spacer\"><\/div>\n\n<section class=\"image flex align-center justify-center relative animation-fade-in-up  zoomed --boxed\" data-zoom-animation=\"1\">\n    <div class=\"image__container overflow-hidden relative w-screen max-w-screen-huge mx-auto\">\n                    <img class=\"hidden lg:block w-full object-contain\" srcset=\"https:\/\/www.truedesign.it\/app\/uploads\/2025\/11\/Untitled-1-2-150x150.jpg 150w , https:\/\/www.truedesign.it\/app\/uploads\/2025\/11\/Untitled-1-2-300x169.jpg 300w , https:\/\/www.truedesign.it\/app\/uploads\/2025\/11\/Untitled-1-2-768x432.jpg 768w , https:\/\/www.truedesign.it\/app\/uploads\/2025\/11\/Untitled-1-2-1024x576.jpg 1024w , https:\/\/www.truedesign.it\/app\/uploads\/2025\/11\/Untitled-1-2-1536x864.jpg 1400w , https:\/\/www.truedesign.it\/app\/uploads\/2025\/11\/Untitled-1-2.jpg 2048w\" loading=\"lazy\" alt=\"Untitled-1\"  \/>\n                            <img class=\"lg:hidden w-full object-contain\" srcset=\"https:\/\/www.truedesign.it\/app\/uploads\/2025\/11\/Untitled-1-2-150x150.jpg 150w , https:\/\/www.truedesign.it\/app\/uploads\/2025\/11\/Untitled-1-2-300x169.jpg 300w , https:\/\/www.truedesign.it\/app\/uploads\/2025\/11\/Untitled-1-2-768x432.jpg 768w , https:\/\/www.truedesign.it\/app\/uploads\/2025\/11\/Untitled-1-2-1024x576.jpg 1024w , https:\/\/www.truedesign.it\/app\/uploads\/2025\/11\/Untitled-1-2-1536x864.jpg 1400w , https:\/\/www.truedesign.it\/app\/uploads\/2025\/11\/Untitled-1-2.jpg 2048w\" loading=\"lazy\" alt=\"Untitled-1\"  \/>\n            <\/div>\n<\/section>\n\n<div style=\"height:100px\" aria-hidden=\"true\" class=\"wp-block-spacer\"><\/div>\n\n<div class=\"block-text max-w-screen-huge w-full lg:w-2\/3 px-8 mx-auto \">\n    \n<div class=\"text text-base text-left font-normal animation-fade-in-up \">\n    <div><h3 style=\"font-weight: 400; text-align: center;\"><strong>Les protagonistes du design<\/strong><\/h3>\n<\/div>\n<\/div>\n<\/div>\n\n<div style=\"height:50px\" aria-hidden=\"true\" class=\"wp-block-spacer\"><\/div>\n\n<div class=\"columns-image-text mx-auto px-6 lg:px-20 \">\n    <div class=\"flex justify-center flex-wrap gap-y-4 lg:gap-x-6\">\n                                <div class=\"lg:flex-1 max-w-screen-sm\">\n                <div class=\"w-full mb-6\">\n                                                                        <img class=\"w-full\" srcset=\"https:\/\/www.truedesign.it\/app\/uploads\/2025\/11\/q1-150x150.jpg 150w , https:\/\/www.truedesign.it\/app\/uploads\/2025\/11\/q1-300x300.jpg 300w , https:\/\/www.truedesign.it\/app\/uploads\/2025\/11\/q1-768x768.jpg 768w\" loading=\"lazy\" alt=\"q1\" \/>\n                                                            <\/div>\n                <div class=\"mb-4\">\n<div class=\"title text-lg font-semibold text-center animation-fade-in-up \">\n    <div> Essence <\/div>\n<\/div>\n<\/div>\n                <div>\n<div class=\"text text-base text-center font-thin animation-fade-in-up \">\n    <div><p style=\"font-weight: 400;\">La collection <strong>Essence de True Design<\/strong> interpr\u00e8te le bois dans sa forme la plus authentique.<\/p>\n<p><\/p>\n<p style=\"font-weight: 400;\">Tables et meubles au <strong>design italien essentiel<\/strong>, o\u00f9 les mat\u00e9riaux naturels sont \u00e0 l&#8217;honneur.<\/p>\n<p><\/p>\n<p style=\"font-weight: 400;\">Des lignes \u00e9pur\u00e9es, des proportions harmonieuses et des d\u00e9tails m\u00e9ticuleux conf\u00e8rent \u00e0 cet ensemble une beaut\u00e9 subtile, con\u00e7ue pour des espaces contemporains alliant <strong>chaleur<\/strong>, <strong>fonctionnalit\u00e9<\/strong> et <strong>durabilit\u00e9<\/strong>.<\/p>\n<\/div>\n<\/div>\n<\/div>\n            <\/div>\n                                <div class=\"lg:flex-1 max-w-screen-sm\">\n                <div class=\"w-full mb-6\">\n                                                                        <img class=\"w-full\" srcset=\"https:\/\/www.truedesign.it\/app\/uploads\/2025\/11\/q3-150x150.jpg 150w , https:\/\/www.truedesign.it\/app\/uploads\/2025\/11\/q3-300x300.jpg 300w , https:\/\/www.truedesign.it\/app\/uploads\/2025\/11\/q3-768x768.jpg 768w\" loading=\"lazy\" alt=\"q3\" \/>\n                                                            <\/div>\n                <div class=\"mb-4\">\n<div class=\"title text-lg font-semibold text-center animation-fade-in-up \">\n    <div> Not Out <\/div>\n<\/div>\n<\/div>\n                <div>\n<div class=\"text text-base text-center font-thin animation-fade-in-up \">\n    <div><p style=\"font-weight: 400;\"><strong>Not Out<\/strong>\u00a0est la collection<strong> True Design pour l\u2019ext\u00e9rieur<\/strong>, con\u00e7ue pour profiter du plein air en toute saison.<\/p>\n<p><\/p>\n<p style=\"font-weight: 400;\">Des si\u00e8ges et des tables au <strong>design durable et polyvalent<\/strong>, fabriqu\u00e9s avec des mat\u00e9riaux de haute qualit\u00e9, adapt\u00e9s aux terrasses, aux jardins et aux espaces hybrides.<\/p>\n<p><span style=\"font-weight: 400;\">Un \u00e9quilibre parfait entre <strong>confort<\/strong>, <strong>esth\u00e9tique<\/strong> et <strong>praticit\u00e9<\/strong>, apportant \u00e0 l&#8217;ext\u00e9rieur le m\u00eame soin apport\u00e9 au design que pour le mobilier d&#8217;int\u00e9rieur.<\/span><\/p>\n<\/div>\n<\/div>\n<\/div>\n            <\/div>\n                                <div class=\"lg:flex-1 max-w-screen-sm\">\n                <div class=\"w-full mb-6\">\n                                                                        <img class=\"w-full\" srcset=\"https:\/\/www.truedesign.it\/app\/uploads\/2025\/11\/q2-150x150.jpg 150w , https:\/\/www.truedesign.it\/app\/uploads\/2025\/11\/q2-300x300.jpg 300w , https:\/\/www.truedesign.it\/app\/uploads\/2025\/11\/q2-768x768.jpg 768w\" loading=\"lazy\" alt=\"q2\" \/>\n                                                            <\/div>\n                <div class=\"mb-4\">\n<div class=\"title text-lg font-semibold text-center animation-fade-in-up \">\n    <div> Lisa <\/div>\n<\/div>\n<\/div>\n                <div>\n<div class=\"text text-base text-center font-thin animation-fade-in-up \">\n    <div><p style=\"font-weight: 400;\">Avec <strong>Lisa<\/strong>, True Design r\u00e9interpr\u00e8te la chaise en bois dans un langage simple et contemporain.<\/p>\n<p><\/p>\n<p style=\"font-weight: 400;\">Ses lignes douces et ses proportions \u00e9quilibr\u00e9es expriment une \u00e9l\u00e9gance naturelle, tandis que la version avec accoudoirs amplifie la sensation d&#8217;accueil.<\/p>\n<p><\/p>\n<p style=\"font-weight: 400;\">Une <strong>chaise en bois de conception italienne,<\/strong> pens\u00e9e pour les int\u00e9rieurs domestiques ou professionnels, o\u00f9 <strong>confort <\/strong>et <strong>authenticit\u00e9<\/strong> deviennent les protagonistes du quotidien.<\/p>\n<\/div>\n<\/div>\n<\/div>\n            <\/div>\n            <\/div>\n<\/div>\n\n<div style=\"height:100px\" aria-hidden=\"true\" class=\"wp-block-spacer\"><\/div>\n\n<div class=\"banner-newsletter relative text-center py-32 md:py-32 lg:py-40 px-8 lg:px-16\">\n            <a class=\"h-full w-full\" href=\"https:\/\/www.truedesign.it\/it\/newsletter\/\">\n            <div class=\"text-2xl font-semibold text-center animation-fade-in-up\">\n                S&#8217;inscrire \u00e0 notre lettre d&#8217;information            <\/div>\n            <div class=\"mt-4 text-center animation-fade-in-up\">\n                Vous obtiendrez notre \u00e9tude CMF (couleur, mat\u00e9riau, finition) exclusive.            <\/div>\n        <\/a>\n    <\/div>\n\n<div style=\"height:100px\" aria-hidden=\"true\" class=\"wp-block-spacer\"><\/div>\n\n\n<div class=\"banner-link-full group relative animation-fade-in-up px-4 lg:px-0 --wide mx-auto \">\n    <div class=\"banner-link-full__wrapper relative flex flex-col justify-center min-h-[320px] md:min-h-[450px] lg:min-h-[640px] py-12 lg:py-20\">\n        <div style=\"color:#000000\" class=\"banner-link-full__title text-xl lg:text-[70px] mb-2 w-fit leading-none relative max-w-[580px] mx-auto pointer-events-none z-10 font-semibold text-center\">\n            Laissez-vous inspirer par le design authentique de True        <\/div>\n                    <div style=\"color:#000000\" class=\"banner-link-full__text lg:text-[18px] relative mx-auto w-fit pointer-events-none z-10 mb-4 font-thin text-center\">\n                <p>Explorez tous les mod\u00e8les disponibles et personnalisez votre projet<\/p>\n            <\/div>\n                <div class=\"flex items-center mx-auto w-fit pointer-events-none z-10 mt-4 lg:mt-10 font-semibold transition duration-500 lg:opacity-0 lg:translate-y-6 transition duration-500  group-hover:opacity-100 group-hover:translate-y-0 \" href=\"https:\/\/www.truedesign.it\/fr\/stories\/mobilier-design-pour-lautomne\/\">\n                            <div style=\"color:#000000\" class=\"lg:text-[20px]\">D\u00e9couvrez la collection compl\u00e8te<\/div>\n                        <div style=\"color:#000000\" class=\"h-4 lg:h-5 ml-2 \"><svg width=\"30\" height=\"30\" viewBox=\"0 0 16 16\" fill=\"none\" xmlns=\"http:\/\/www.w3.org\/2000\/svg\">\n<g clip-path=\"url(#clip0_629_5901)\">\n<path d=\"M1 1H15M15 1V15M15 1L1 15\" stroke=\"currentColor\"\/>\n<\/g>\n<defs>\n<clipPath id=\"clip0_629_5901\">\n<rect width=\"30\" height=\"30\" fill=\"white\"\/>\n<\/clipPath>\n<\/defs>\n<\/svg>\n <\/div>\n        <\/div>\n                    <a class=\"banner-link-full__image-wrapper\" href=\"https:\/\/www.truedesign.it\/fr\/familles\/\">\n                <img class=\"w-full object-cover lg:object-cover absolute top-0 left-0\" srcset=\"https:\/\/www.truedesign.it\/app\/uploads\/2025\/11\/ispirazionale-150x150.jpg 150w , https:\/\/www.truedesign.it\/app\/uploads\/2025\/11\/ispirazionale-300x105.jpg 300w , https:\/\/www.truedesign.it\/app\/uploads\/2025\/11\/ispirazionale-768x269.jpg 768w ,  https:\/\/www.truedesign.it\/app\/uploads\/2025\/11\/ispirazionale-1024x358.jpg 1024w , https:\/\/www.truedesign.it\/app\/uploads\/2025\/11\/ispirazionale-1536x538.jpg 1400w , https:\/\/www.truedesign.it\/app\/uploads\/2025\/11\/ispirazionale.jpg 2048w\" loading=\"lazy\" alt=\"ispirazionale\" \/>\n            <\/a>\n            <\/div>\n<\/div>\n","protected":false},"featured_media":0,"template":"","story_typology":[191],"class_list":["post-32509","story","type-story","status-publish","hentry","story_typology-inspiration-fr"],"acf":{"preview_image":32391,"short_description":"D\u00e9couvrez comment True Design accompagne l'automne avec des meubles en bois et d'ext\u00e9rieur au design italien, alliant authenticit\u00e9, fonctionnalit\u00e9 et style pour rendre chaque espace extraordinaire."},"yoast_head":"<!-- This site is optimized with the Yoast SEO plugin v26.0 - https:\/\/yoast.com\/wordpress\/plugins\/seo\/ -->\n<title>Mobilier design pour l&#039;automne - True Design<\/title>\n<meta name=\"description\" content=\"D\u00e9couvrez comment nos produits de design fa\u00e7onnent les espaces en lisant Mobilier design pour l&#039;automne.\" \/>\n<meta name=\"robots\" content=\"index, follow, max-snippet:-1, max-image-preview:large, max-video-preview:-1\" \/>\n<link rel=\"canonical\" href=\"https:\/\/www.truedesign.it\/fr\/stories\/mobilier-design-pour-lautomne\/\" \/>\n<meta property=\"og:locale\" content=\"fr_FR\" \/>\n<meta property=\"og:type\" content=\"article\" \/>\n<meta property=\"og:title\" content=\"Mobilier design pour l&#039;automne - True Design\" \/>\n<meta property=\"og:description\" content=\"D\u00e9couvrez comment nos produits de design fa\u00e7onnent les espaces en lisant Mobilier design pour l&#039;automne.\" \/>\n<meta property=\"og:url\" content=\"https:\/\/www.truedesign.it\/fr\/stories\/mobilier-design-pour-lautomne\/\" \/>\n<meta property=\"og:site_name\" content=\"True Design\" \/>\n<meta property=\"article:modified_time\" content=\"2025-11-21T11:12:34+00:00\" \/>\n<meta name=\"twitter:card\" content=\"summary_large_image\" \/>\n<!-- \/ Yoast SEO plugin. -->","yoast_head_json":{"title":"Mobilier design pour l'automne - True Design","description":"D\u00e9couvrez comment nos produits de design fa\u00e7onnent les espaces en lisant Mobilier design pour l'automne.","robots":{"index":"index","follow":"follow","max-snippet":"max-snippet:-1","max-image-preview":"max-image-preview:large","max-video-preview":"max-video-preview:-1"},"canonical":"https:\/\/www.truedesign.it\/fr\/stories\/mobilier-design-pour-lautomne\/","og_locale":"fr_FR","og_type":"article","og_title":"Mobilier design pour l'automne - True Design","og_description":"D\u00e9couvrez comment nos produits de design fa\u00e7onnent les espaces en lisant Mobilier design pour l'automne.","og_url":"https:\/\/www.truedesign.it\/fr\/stories\/mobilier-design-pour-lautomne\/","og_site_name":"True Design","article_modified_time":"2025-11-21T11:12:34+00:00","twitter_card":"summary_large_image","schema":{"@context":"https:\/\/schema.org","@graph":[{"@type":"WebPage","@id":"https:\/\/www.truedesign.it\/fr\/stories\/mobilier-design-pour-lautomne\/","url":"https:\/\/www.truedesign.it\/fr\/stories\/mobilier-design-pour-lautomne\/","name":"Mobilier design pour l'automne - True Design","isPartOf":{"@id":"https:\/\/truedesign.we-dev.it\/it\/#website"},"datePublished":"2025-11-21T08:48:34+00:00","dateModified":"2025-11-21T11:12:34+00:00","description":"D\u00e9couvrez comment nos produits de design fa\u00e7onnent les espaces en lisant Mobilier design pour l'automne.","breadcrumb":{"@id":"https:\/\/www.truedesign.it\/fr\/stories\/mobilier-design-pour-lautomne\/#breadcrumb"},"inLanguage":"fr-FR","potentialAction":[{"@type":"ReadAction","target":["https:\/\/www.truedesign.it\/fr\/stories\/mobilier-design-pour-lautomne\/"]}]},{"@type":"BreadcrumbList","@id":"https:\/\/www.truedesign.it\/fr\/stories\/mobilier-design-pour-lautomne\/#breadcrumb","itemListElement":[{"@type":"ListItem","position":1,"name":"Home","item":"https:\/\/www.truedesign.it\/fr\/"},{"@type":"ListItem","position":2,"name":"Stories","item":"https:\/\/www.truedesign.it\/fr\/stories\/"},{"@type":"ListItem","position":3,"name":"Mobilier design pour l&#8217;automne"}]},{"@type":"WebSite","@id":"https:\/\/truedesign.we-dev.it\/it\/#website","url":"https:\/\/truedesign.we-dev.it\/it\/","name":"True Design","description":"Un nuovo sito targato WordPress","inLanguage":"fr-FR"}]}},"_links":{"self":[{"href":"https:\/\/www.truedesign.it\/fr\/wp-json\/wp\/v2\/story\/32509","targetHints":{"allow":["GET"]}}],"collection":[{"href":"https:\/\/www.truedesign.it\/fr\/wp-json\/wp\/v2\/story"}],"about":[{"href":"https:\/\/www.truedesign.it\/fr\/wp-json\/wp\/v2\/types\/story"}],"version-history":[{"count":3,"href":"https:\/\/www.truedesign.it\/fr\/wp-json\/wp\/v2\/story\/32509\/revisions"}],"predecessor-version":[{"id":32519,"href":"https:\/\/www.truedesign.it\/fr\/wp-json\/wp\/v2\/story\/32509\/revisions\/32519"}],"wp:attachment":[{"href":"https:\/\/www.truedesign.it\/fr\/wp-json\/wp\/v2\/media?parent=32509"}],"wp:term":[{"taxonomy":"story_typology","embeddable":true,"href":"https:\/\/www.truedesign.it\/fr\/wp-json\/wp\/v2\/story_typology?post=32509"}],"curies":[{"name":"wp","href":"https:\/\/api.w.org\/{rel}","templated":true}]}}