{"id":23656,"date":"2023-11-08T12:16:27","date_gmt":"2023-11-08T11:16:27","guid":{"rendered":"https:\/\/truedesign.we-dev.it\/stories\/milano-design-week-2022\/"},"modified":"2024-09-20T17:05:10","modified_gmt":"2024-09-20T15:05:10","slug":"milano-design-week-2022","status":"publish","type":"story","link":"https:\/\/www.truedesign.it\/fr\/stories\/milano-design-week-2022\/","title":{"rendered":"Milano design week 2022"},"content":{"rendered":"\n<div class=\"hero min-h-screen text-white relative px-4 lg:px-24 py-16 lg:py-40 flex flex-col gap-y-2 lg:gap-y-4 text-center justify-center items-center \">\n    <div class=\"hidden md:block left-0 top-0 absolute h-full w-full overflow-hidden \">\n                                    <video class=\"w-full h-full object-cover\" muted autoplay loop playsinline>\n                    <source src=\"https:\/\/www.truedesign.it\/app\/uploads\/2023\/11\/1655105632.mp4\" type=\"video\/mp4\" \/>\n                <\/video>\n                        <\/div>\n    <div class=\"block md:hidden left-0 top-0 absolute h-full w-full overflow-hidden \">\n                                    <video class=\"w-full h-full object-cover\" muted autoplay loop playsinline>\n                    <source src=\"https:\/\/www.truedesign.it\/app\/uploads\/2023\/11\/1655105632.mp4\" type=\"video\/mp4\" \/>\n                <\/video>\n                        <\/div>\n    <div class=\"relative z-10 hero__title-wrapper leading-tight\">\n        <h1 class=\"hero__title title text-xl lg:text-3xl font-semibold\"> <p>Milano design week 2022<\/p>\n <\/h1>\n    <\/div>\n            <\/div>\n\n<div style=\"height:100px\" aria-hidden=\"true\" class=\"wp-block-spacer\"><\/div>\n\n<div class=\"banner-text relative flex items-center h-full \">\n    <div class=\"block lg:w-3\/4 xl:w-2\/3 lg:mx-auto text-center max-w-screen-md\">\n        \n        <div class=\"my-10 mx-10\">\n            \n<div class=\"text text-base text-center font-normal animation-fade-in-up \">\n    <div><p>Une semaine intense, pleine d&#8217;\u00e9v\u00e9nements et de choses \u00e0 d\u00e9couvrir, \u00e0 voir, \u00e0 go\u00fbter et \u00e0 savourer. Mais surtout, une semaine pour se rencontrer.<br \/>\nUn \u00ab\u00a0Salone del Mobile\u00a0\u00bb fait de personnes avant m\u00eame les objets.<br \/>\nLe bon moment pour se mettre \u00e0 l&#8217;aise dans le monde du salon True et donner vie \u00e0 de nouveaux projets.<\/p>\n<\/div>\n<\/div>\n        <\/div>\n\n                    <div class=\"my-16 mx-10\">\n                                    \n    <a class=\"cta-underline inline-flex items-center gap-x-2 w-fit group animation-fade-in-up\" target=\"\" href=\"\/fr\/stories\/extraordinary-everysummerday\/\">\n        <div class=\"cta__text transition-colors relative underline hover:text-grey text-base lg:text-lg font-semibold break-normal\">D\u00e9couvrez le nouveaut\u00e9s 2022<\/div>\n            <\/a>\n                            <\/div>\n            <\/div>\n<\/div>\n\n<div class=\"text-media relative lg:flex lg:items-center max-w-screen-xl mx-auto justify-center gap-12 lg:gap-16 px-5 lg:px-20 \">\n    <div class=\"max-w-100 mx-auto lg:mx-0 order-2\">\n        <div>\n            <div class=\"mb-4 leading-10\">\n                <div class=\"title text-[22px] lg:text-[30px] font-semibold text-left animation-fade-in-up \">\n                    <div> Salone del Mobile <\/div>\n                <\/div>\n            <\/div>\n            <div class=\"mr-4 lg:mr-0 my-4 lg:my-8 leading-7\">\n                \n<div class=\"text text-base text-left font-light animation-fade-in-up \">\n    <div><p>Le c\u0153ur de notre espace :\u00a0<a href=\"https:\/\/www.truedesign.it\/fr\/prodotti\/wing_kitchen-337.html\">Wing kitchen<\/a>. Bien plus qu&#8217;une table, bien plus qu&#8217;une cuisine. Un espace \u00e9quip\u00e9 et anim\u00e9 par des chefs professionnels o\u00f9 l&#8217;hospitalit\u00e9 tout au long de la journ\u00e9e n&#8217;a pas cess\u00e9 : des r\u00e9unions aux appels t\u00e9l\u00e9phoniques, du partage de la nourriture \u00e0 l&#8217;\u00e9change de contacts. Le tout entour\u00e9 de pain fra\u00eechement cuit, de plats de saison et, dulcis in fundo, de cocktails.<\/p>\n<\/div>\n<\/div>\n            <\/div>\n                            <div class=\"mr-4 lg:mr-0 lg:mt-8\">\n                    \n    <a class=\"cta-underline inline-flex items-center gap-x-2 w-fit group animation-fade-in-up\" target=\"_self\" href=\"\/fr\/produits\/wing-kitchen\/\">\n        <div class=\"cta__text transition-colors relative --hover-animation text-base font-semibold break-normal\">D\u00e9couvrez la Wing Kitchen <\/div>\n                    <div class=\"h-4 lg:translate-y-4 transition duration-300 opacity-0 group-hover:opacity-100 lg:group-hover:translate-y-0\"><svg width=\"30\" height=\"30\" viewBox=\"0 0 16 16\" fill=\"none\" xmlns=\"http:\/\/www.w3.org\/2000\/svg\">\n<g clip-path=\"url(#clip0_629_5901)\">\n<path d=\"M1 1H15M15 1V15M15 1L1 15\" stroke=\"currentColor\"\/>\n<\/g>\n<defs>\n<clipPath id=\"clip0_629_5901\">\n<rect width=\"30\" height=\"30\" fill=\"white\"\/>\n<\/clipPath>\n<\/defs>\n<\/svg>\n <\/div>\n            <\/a>\n                <\/div>\n                    <\/div>\n    <\/div>\n    <div class=\"my-12 order-1\">\n                                    <video class=\"w-[430px] lg:ml-auto aspect-square animation-fade-in-up mx-auto lg:mx-0 object-cover\" muted autoplay loop playsinline>\n                    <source src=\"https:\/\/www.truedesign.it\/app\/uploads\/2023\/11\/1655108951.mp4\" type=\"video\/mp4\" \/>\n                <\/video>\n                        <\/div>\n<\/div>\n\n<div style=\"height:50px\" aria-hidden=\"true\" class=\"wp-block-spacer\"><\/div>\n\n<div class=\"text-media relative lg:flex lg:items-center max-w-screen-xl mx-auto justify-center gap-12 lg:gap-16 px-5 lg:px-20 \">\n    <div class=\"max-w-100 mx-auto lg:mx-0 \">\n        <div>\n            <div class=\"mb-4 leading-10\">\n                <div class=\"title text-[22px] lg:text-[30px] font-semibold text-left animation-fade-in-up \">\n                    <div> Une certaine id\u00e9e de la lumi\u00e8re <\/div>\n                <\/div>\n            <\/div>\n            <div class=\"mr-4 lg:mr-0 my-4 lg:my-8 leading-7\">\n                \n<div class=\"text text-base text-left font-light animation-fade-in-up \">\n    <div><p>Le mobilier d&#8217;ext\u00e9rieur de True est le protagoniste du jardin illumin\u00e9 par l&#8217;\u00e9clairage Quick au c\u0153ur de Brera.<br \/>\nUne promenade sinueuse et romantique dans la verdure entre technologie et atmosph\u00e8res d&#8217;antan o\u00f9 vous pourrez vous allonger sur\u00a0<strong><a href=\"https:\/\/www.truedesign.it\/frprodotti\/code_out-470.html\"><u>Code Out<\/u><\/a><\/strong>\u00a0sous un arbre ou lire confortablement assis entre les chaises\u00a0<strong><a href=\"https:\/\/www.truedesign.it\/fr\/prodotti\/marina_out-476.html\"><u>Marina Out<\/u><\/a><\/strong>\u00a0et les tables\u00a0<strong><a href=\"https:\/\/www.truedesign.it\/fr\/prodotti\/neo-478.html\"><u>Neo<\/u><\/a><\/strong>.<\/p>\n<\/div>\n<\/div>\n            <\/div>\n                    <\/div>\n    <\/div>\n    <div class=\"my-12 \">\n                                    <img class=\"w-[430px] lg:ml-auto aspect-square animation-fade-in-up mx-auto lg:mx-0 object-contain\" srcset=\"https:\/\/www.truedesign.it\/app\/uploads\/2023\/11\/1655108310-150x150.jpg 150w , https:\/\/www.truedesign.it\/app\/uploads\/2023\/11\/1655108310-300x300.jpg 300w , https:\/\/www.truedesign.it\/app\/uploads\/2023\/11\/1655108310.jpg 768w , https:\/\/www.truedesign.it\/app\/uploads\/2023\/11\/1655108310.jpg 1024w\" loading=\"lazy\" alt=\"\" \/>\n                        <\/div>\n<\/div>\n\n<div style=\"height:50px\" aria-hidden=\"true\" class=\"wp-block-spacer\"><\/div>\n\n<div class=\"text-media relative lg:flex lg:items-center max-w-screen-xl mx-auto justify-center gap-12 lg:gap-16 px-5 lg:px-20 \">\n    <div class=\"max-w-100 mx-auto lg:mx-0 order-2\">\n        <div>\n            <div class=\"mb-4 leading-10\">\n                <div class=\"title text-[22px] lg:text-[30px] font-semibold text-left animation-fade-in-up \">\n                    <div> Elle Decor au Salone del Mobile <\/div>\n                <\/div>\n            <\/div>\n            <div class=\"mr-4 lg:mr-0 my-4 lg:my-8 leading-7\">\n                \n<div class=\"text text-base text-left font-light animation-fade-in-up \">\n    <div><p>Une pause entre les efforts de la foire, non seulement pour manger, mais aussi pour se documenter, lire et faire des r\u00e9unions dans le calme d&#8217;un salon priv\u00e9. C&#8217;est l&#8217;espace du stand de Hearst dans le hall 10 de la foire de Milan. Plus de 27 r\u00e9dacteurs du monde entier ont \u00e9t\u00e9 accueillis dans notre salon avec le canap\u00e9\u00a0<strong><a href=\"https:\/\/www.truedesign.it\/fr\/prodotti\/fender-446.html\">Fender<\/a><\/strong>, le pouf\u00a0<strong><a href=\"https:\/\/www.truedesign.it\/fr\/prodotti\/code-148.html\">Code<\/a><\/strong>\u00a0et la table basse\u00a0<strong><a href=\"https:\/\/www.truedesign.it\/fr\/prodotti\/silvestro-506.html\">Silvestro<\/a><\/strong>.<\/p>\n<\/div>\n<\/div>\n            <\/div>\n                    <\/div>\n    <\/div>\n    <div class=\"my-12 order-1\">\n                                    <img class=\"w-[430px] lg:ml-auto aspect-square animation-fade-in-up mx-auto lg:mx-0 object-contain\" srcset=\"https:\/\/www.truedesign.it\/app\/uploads\/2023\/11\/1655107899-150x150.jpg 150w , https:\/\/www.truedesign.it\/app\/uploads\/2023\/11\/1655107899-300x300.jpg 300w , https:\/\/www.truedesign.it\/app\/uploads\/2023\/11\/1655107899.jpg 768w , https:\/\/www.truedesign.it\/app\/uploads\/2023\/11\/1655107899.jpg 1024w\" loading=\"lazy\" alt=\"\" \/>\n                        <\/div>\n<\/div>\n\n<div style=\"height:50px\" aria-hidden=\"true\" class=\"wp-block-spacer\"><\/div>\n\n<div class=\"text-media relative lg:flex lg:items-center max-w-screen-xl mx-auto justify-center gap-12 lg:gap-16 px-5 lg:px-20 \">\n    <div class=\"max-w-100 mx-auto lg:mx-0 \">\n        <div>\n            <div class=\"mb-4 leading-10\">\n                <div class=\"title text-[22px] lg:text-[30px] font-semibold text-left animation-fade-in-up \">\n                    <div> Ressentir l&#8217;\u00e9nergie, Jardin botanique de Brera <\/div>\n                <\/div>\n            <\/div>\n            <div class=\"mr-4 lg:mr-0 my-4 lg:my-8 leading-7\">\n                \n<div class=\"text text-base text-left font-light animation-fade-in-up \">\n    <div><p>Une installation qui nous permet d&#8217;entrer dans un lieu naturaliste unique : le jardin botanique de Brera, un jardin historique coinc\u00e9 entre les palais du centre ville, s&#8217;\u00e9tendant sur 5 000 m\u00e8tres carr\u00e9s, command\u00e9 en 1775 par Marie-Th\u00e9r\u00e8se d&#8217;Autriche et devenu un symbole de la culture des Lumi\u00e8res de Milan dans la seconde moiti\u00e9 du XVIIIe si\u00e8cle.<br \/>\nLes visiteurs seront accueillis par nos librairies\u00a0<strong><a href=\"https:\/\/www.truedesign.it\/fr\/prodotti\/ethrio-162.html\"><u>Ethrio<\/u><\/a><\/strong>, pr\u00eates \u00e0 fournir du mat\u00e9riel d&#8217;illustration, des livres, des cartes postales et \u00e0 pr\u00e9senter les objets entourant l&#8217;exposition.<\/p>\n<\/div>\n<\/div>\n            <\/div>\n                    <\/div>\n    <\/div>\n    <div class=\"my-12 \">\n                                    <img class=\"w-[430px] lg:ml-auto aspect-square animation-fade-in-up mx-auto lg:mx-0 object-contain\" srcset=\"https:\/\/www.truedesign.it\/app\/uploads\/2023\/11\/1655109951-150x150.jpg 150w , https:\/\/www.truedesign.it\/app\/uploads\/2023\/11\/1655109951-300x300.jpg 300w , https:\/\/www.truedesign.it\/app\/uploads\/2023\/11\/1655109951.jpg 768w , https:\/\/www.truedesign.it\/app\/uploads\/2023\/11\/1655109951.jpg 1024w\" loading=\"lazy\" alt=\"\" \/>\n                        <\/div>\n<\/div>\n","protected":false},"featured_media":0,"template":"","story_typology":[188],"class_list":["post-23656","story","type-story","status-publish","hentry","story_typology-evenements"],"acf":{"preview_image":10854,"short_description":"Une semaine intense, pleine d'\u00e9v\u00e9nements et de choses \u00e0 d\u00e9couvrir, \u00e0 voir, \u00e0 go\u00fbter et \u00e0 savourer. Mais surtout, une semaine pour se rencontrer.\r\nUn \u00ab\u00a0Salone del Mobile\u00a0\u00bb fait de personnes avant m\u00eame les objets.\r\nLe bon moment pour se mettre \u00e0 l'aise dans le monde du salon True et donner vie \u00e0 de nouveaux projets."},"yoast_head":"<!-- This site is optimized with the Yoast SEO plugin v26.0 - https:\/\/yoast.com\/wordpress\/plugins\/seo\/ -->\n<title>Milano design week 2022 - True Design<\/title>\n<meta name=\"description\" content=\"Une semaine intense, pleine d&#039;\u00e9v\u00e9nements et de choses \u00e0 d\u00e9couvrir, \u00e0 voir, \u00e0 go\u00fbter et \u00e0 savourer. Mais surtout, une semaine pour se rencontrer.\" \/>\n<meta name=\"robots\" content=\"index, follow, max-snippet:-1, max-image-preview:large, max-video-preview:-1\" \/>\n<link rel=\"canonical\" href=\"https:\/\/www.truedesign.it\/fr\/stories\/milano-design-week-2022\/\" \/>\n<meta property=\"og:locale\" content=\"fr_FR\" \/>\n<meta property=\"og:type\" content=\"article\" \/>\n<meta property=\"og:title\" content=\"Milano design week 2022 - True Design\" \/>\n<meta property=\"og:description\" content=\"Une semaine intense, pleine d&#039;\u00e9v\u00e9nements et de choses \u00e0 d\u00e9couvrir, \u00e0 voir, \u00e0 go\u00fbter et \u00e0 savourer. Mais surtout, une semaine pour se rencontrer.\" \/>\n<meta property=\"og:url\" content=\"https:\/\/www.truedesign.it\/fr\/stories\/milano-design-week-2022\/\" \/>\n<meta property=\"og:site_name\" content=\"True Design\" \/>\n<meta property=\"article:modified_time\" content=\"2024-09-20T15:05:10+00:00\" \/>\n<meta name=\"twitter:card\" content=\"summary_large_image\" \/>\n<!-- \/ Yoast SEO plugin. -->","yoast_head_json":{"title":"Milano design week 2022 - True Design","description":"Une semaine intense, pleine d'\u00e9v\u00e9nements et de choses \u00e0 d\u00e9couvrir, \u00e0 voir, \u00e0 go\u00fbter et \u00e0 savourer. Mais surtout, une semaine pour se rencontrer.","robots":{"index":"index","follow":"follow","max-snippet":"max-snippet:-1","max-image-preview":"max-image-preview:large","max-video-preview":"max-video-preview:-1"},"canonical":"https:\/\/www.truedesign.it\/fr\/stories\/milano-design-week-2022\/","og_locale":"fr_FR","og_type":"article","og_title":"Milano design week 2022 - True Design","og_description":"Une semaine intense, pleine d'\u00e9v\u00e9nements et de choses \u00e0 d\u00e9couvrir, \u00e0 voir, \u00e0 go\u00fbter et \u00e0 savourer. Mais surtout, une semaine pour se rencontrer.","og_url":"https:\/\/www.truedesign.it\/fr\/stories\/milano-design-week-2022\/","og_site_name":"True Design","article_modified_time":"2024-09-20T15:05:10+00:00","twitter_card":"summary_large_image","schema":{"@context":"https:\/\/schema.org","@graph":[{"@type":"WebPage","@id":"https:\/\/www.truedesign.it\/fr\/stories\/milano-design-week-2022\/","url":"https:\/\/www.truedesign.it\/fr\/stories\/milano-design-week-2022\/","name":"Milano design week 2022 - True Design","isPartOf":{"@id":"https:\/\/truedesign.we-dev.it\/it\/#website"},"datePublished":"2023-11-08T11:16:27+00:00","dateModified":"2024-09-20T15:05:10+00:00","description":"Une semaine intense, pleine d'\u00e9v\u00e9nements et de choses \u00e0 d\u00e9couvrir, \u00e0 voir, \u00e0 go\u00fbter et \u00e0 savourer. Mais surtout, une semaine pour se rencontrer.","breadcrumb":{"@id":"https:\/\/www.truedesign.it\/fr\/stories\/milano-design-week-2022\/#breadcrumb"},"inLanguage":"fr-FR","potentialAction":[{"@type":"ReadAction","target":["https:\/\/www.truedesign.it\/fr\/stories\/milano-design-week-2022\/"]}]},{"@type":"BreadcrumbList","@id":"https:\/\/www.truedesign.it\/fr\/stories\/milano-design-week-2022\/#breadcrumb","itemListElement":[{"@type":"ListItem","position":1,"name":"Home","item":"https:\/\/www.truedesign.it\/fr\/"},{"@type":"ListItem","position":2,"name":"Stories","item":"https:\/\/www.truedesign.it\/fr\/stories\/"},{"@type":"ListItem","position":3,"name":"Milano design week 2022"}]},{"@type":"WebSite","@id":"https:\/\/truedesign.we-dev.it\/it\/#website","url":"https:\/\/truedesign.we-dev.it\/it\/","name":"True Design","description":"Un nuovo sito targato WordPress","inLanguage":"fr-FR"}]}},"_links":{"self":[{"href":"https:\/\/www.truedesign.it\/fr\/wp-json\/wp\/v2\/story\/23656","targetHints":{"allow":["GET"]}}],"collection":[{"href":"https:\/\/www.truedesign.it\/fr\/wp-json\/wp\/v2\/story"}],"about":[{"href":"https:\/\/www.truedesign.it\/fr\/wp-json\/wp\/v2\/types\/story"}],"version-history":[{"count":0,"href":"https:\/\/www.truedesign.it\/fr\/wp-json\/wp\/v2\/story\/23656\/revisions"}],"wp:attachment":[{"href":"https:\/\/www.truedesign.it\/fr\/wp-json\/wp\/v2\/media?parent=23656"}],"wp:term":[{"taxonomy":"story_typology","embeddable":true,"href":"https:\/\/www.truedesign.it\/fr\/wp-json\/wp\/v2\/story_typology?post=23656"}],"curies":[{"name":"wp","href":"https:\/\/api.w.org\/{rel}","templated":true}]}}