{"id":32520,"date":"2025-11-21T09:48:34","date_gmt":"2025-11-21T08:48:34","guid":{"rendered":"https:\/\/www.truedesign.it\/stories\/designermoebel-fuer-den-herbst\/"},"modified":"2025-11-24T11:08:59","modified_gmt":"2025-11-24T10:08:59","slug":"designermoebel-fuer-den-herbst","status":"publish","type":"story","link":"https:\/\/www.truedesign.it\/de\/stories\/designermoebel-fuer-den-herbst\/","title":{"rendered":"Designerm\u00f6bel f\u00fcr den Herbst"},"content":{"rendered":"\n<div style=\"height:100px\" aria-hidden=\"true\" class=\"wp-block-spacer\"><\/div>\n\n<section class=\"video flex align-center justify-center relative animation-fade-in-up --wide \">\n    <div class=\"video__container relative w-screen max-w-screen-huge mx-auto\">\n                                    <video class=\"hidden lg:block w-full\" autoplay muted loop playsinline>\n                    <source src=\"https:\/\/www.truedesign.it\/app\/uploads\/2025\/11\/Autunno_home-1.mp4\" type=\"video\/mp4\" \/>\n                <\/video>\n            \n                            <video class=\"lg:hidden w-full\" autoplay muted loop playsinline>\n                    <source src=\"https:\/\/www.truedesign.it\/app\/uploads\/2025\/11\/home-mobile-ok.mp4\" type=\"video\/mp4\" \/>\n                <\/video>\n                        <\/div>\n<\/section>\n\n<div style=\"height:100px\" aria-hidden=\"true\" class=\"wp-block-spacer\"><\/div>\n\n<div class=\"block-text max-w-screen-huge w-full lg:w-2\/3 px-8 mx-auto \">\n    \n<div class=\"text text-base text-left font-normal animation-fade-in-up \">\n    <div><h2 style=\"font-weight: 400; text-align: center;\"><strong>Die Sch\u00f6nheit nat\u00fcrlicher Materialien trifft den Rhythmus des Herbstes<\/strong><\/h2>\n<p><\/p>\n<p style=\"font-weight: 400; text-align: center;\">Wenn der Herbst kommt, verwandeln sich R\u00e4ume. Das Licht wird w\u00e4rmer, die Rhythmen verlangsamen sich und das Bed\u00fcrfnis nach einem Gleichgewicht zwischen Innen und Au\u00dfen w\u00e4chst.<br \/>\n<strong>True Design <\/strong>begleitet diese Jahreszeit mit einer Auswahl an<strong> italienischen Designm\u00f6beln<\/strong>, die daf\u00fcr geschaffen sind, jeden Raum auf nat\u00fcrliche, funktionale und authentische Weise zu erleben.<br \/>\nOutdoor- und Indoor-Kollektionen, die von der Sch\u00f6nheit des Materials und die Kontinuit\u00e4t zwischen Zuhause und Natur erz\u00e4hlen: <strong>Marina Out, Lisa, Not Out und Essence.<\/strong><\/p>\n<\/div>\n<\/div>\n<\/div>\n\n<div style=\"height:100px\" aria-hidden=\"true\" class=\"wp-block-spacer\"><\/div>\n\n<div class=\"text-media relative lg:flex lg:items-center max-w-screen-xl mx-auto justify-center gap-12 lg:gap-16 px-5 lg:px-20 \">\n    <div class=\"max-w-100 mx-auto lg:mx-0 \">\n        <div>\n            <div class=\"mb-4 leading-10\">\n                <div class=\"title text-[22px] lg:text-[30px] font-semibold text-left animation-fade-in-up \">\n                    <div> Marina Out: Outdoor-Designm\u00f6bel f\u00fcr jede Jahreszeit <\/div>\n                <\/div>\n            <\/div>\n            <div class=\"mr-4 lg:mr-0 my-4 lg:my-8 leading-7\">\n                \n<div class=\"text text-base text-left font-light animation-fade-in-up \">\n    <div><div><span lang=\"DE\">Die Kollektion <b>Marina Out<\/b> interpretiert das Konzept von Outdoor-Living mit Leichtigkeit und Widerstandsf\u00e4higkeit. Gefertigt aus langlebigen Materialien und essenziellen Formen, ist sie f\u00fcr alle gedacht, die das Drau\u00dfen auch in den Herbstmonaten erleben m\u00f6chten. Dieser Outdoor-Stuhl f\u00fcgt sich harmonisch in die Landschaft ein und wird Teil der nat\u00fcrlichen Umgebung.<br \/>\nPerfekt f\u00fcr Terrassen, G\u00e4rten oder Contract-Bereiche, steht <b>Marina Out<\/b> f\u00fcr die Synthese aus <b>italienischem Design, Komfort <\/b>und<b> Best\u00e4ndigkeit<\/b>.<\/span><\/div>\n<\/div>\n<\/div>\n            <\/div>\n                    <\/div>\n    <\/div>\n    <div class=\"my-12 \">\n                                    <img class=\"w-[430px] lg:ml-auto aspect-square animation-fade-in-up mx-auto lg:mx-0 object-contain\" srcset=\"https:\/\/www.truedesign.it\/app\/uploads\/2025\/11\/TRUE_Mimesi_165-150x150.jpg 150w , https:\/\/www.truedesign.it\/app\/uploads\/2025\/11\/TRUE_Mimesi_165-240x300.jpg 300w , https:\/\/www.truedesign.it\/app\/uploads\/2025\/11\/TRUE_Mimesi_165.jpg 768w , https:\/\/www.truedesign.it\/app\/uploads\/2025\/11\/TRUE_Mimesi_165.jpg 1024w\" loading=\"lazy\" alt=\"\" \/>\n                        <\/div>\n<\/div>\n\n<div style=\"height:100px\" aria-hidden=\"true\" class=\"wp-block-spacer\"><\/div>\n\n<section class=\"image flex align-center justify-center relative animation-fade-in-up  zoomed --boxed\" data-zoom-animation=\"1\">\n    <div class=\"image__container overflow-hidden relative w-screen max-w-screen-huge mx-auto\">\n                    <img class=\"hidden lg:block w-full object-contain\" srcset=\"https:\/\/www.truedesign.it\/app\/uploads\/2025\/11\/Untitled-1-1-2-1-150x150.jpg 150w , https:\/\/www.truedesign.it\/app\/uploads\/2025\/11\/Untitled-1-1-2-1-300x216.jpg 300w , https:\/\/www.truedesign.it\/app\/uploads\/2025\/11\/Untitled-1-1-2-1-768x552.jpg 768w , https:\/\/www.truedesign.it\/app\/uploads\/2025\/11\/Untitled-1-1-2-1-1024x737.jpg 1024w , https:\/\/www.truedesign.it\/app\/uploads\/2025\/11\/Untitled-1-1-2-1-1536x1105.jpg 1400w , https:\/\/www.truedesign.it\/app\/uploads\/2025\/11\/Untitled-1-1-2-1.jpg 2048w\" loading=\"lazy\" alt=\"Untitled-1-1-2\"  \/>\n                            <img class=\"lg:hidden w-full object-contain\" srcset=\"https:\/\/www.truedesign.it\/app\/uploads\/2025\/11\/Untitled-1-1-2-1-150x150.jpg 150w , https:\/\/www.truedesign.it\/app\/uploads\/2025\/11\/Untitled-1-1-2-1-300x216.jpg 300w , https:\/\/www.truedesign.it\/app\/uploads\/2025\/11\/Untitled-1-1-2-1-768x552.jpg 768w , https:\/\/www.truedesign.it\/app\/uploads\/2025\/11\/Untitled-1-1-2-1-1024x737.jpg 1024w , https:\/\/www.truedesign.it\/app\/uploads\/2025\/11\/Untitled-1-1-2-1-1536x1105.jpg 1400w , https:\/\/www.truedesign.it\/app\/uploads\/2025\/11\/Untitled-1-1-2-1.jpg 2048w\" loading=\"lazy\" alt=\"Untitled-1-1-2\"  \/>\n            <\/div>\n<\/section>\n\n<div style=\"height:100px\" aria-hidden=\"true\" class=\"wp-block-spacer\"><\/div>\n        <style>\n                                <\/style>\n    \n<div class=\"block-columns relative px-5 -n-cols-1 max-w-screen-md mx-auto \">\n            <div class=\"block-columns__title font-semibold mb-10 lg:px-14\">\n            <div class=\"title text-xl lg:text-[32px] font-semibold text-left animation-fade-in-up \">\n                <div> <p style=\"font-weight: 400; text-align: center;\"><strong>Lisa: Design-Holzst\u00fchle im zeitgen\u00f6ssischen Stil<\/strong><\/p>\n <\/div>\n            <\/div>\n        <\/div>\n    \n    <div class=\"block-columns__wrapper lg:flex lg:justify-center \">\n                    <div class=\"block-columns__text-wr flex-1 my-8 lg:my-10 lg:px-14\">\n                \n<div class=\"text  text-left font-light animation-fade-in-up \">\n    <div><div style=\"text-align: center;\"><span lang=\"DE\">Mit <b>Lisa<\/b> feiert True Design die W\u00e4rme des Holzes und die Leichtigkeit der Form.<br \/>\nWeiche Linien, ausgewogene Proportionen und eine Version mit Armlehnen machen sie ideal f\u00fcr private R\u00e4ume wie auch f\u00fcr \u00f6ffentliche Bereiche.<br \/>\n<b>Lisa<\/b> ist ein <b>italienischer Design-Holzstuhl<\/b>, der darauf ausgelegt ist, zeitlosen Komfort und Sch\u00f6nheit zu bieten. Es ist ein M\u00f6belst\u00fcck, das jeden Kontext mit seiner zur\u00fcckhaltenden und nat\u00fcrlichen Pr\u00e4senz bereichert.<\/span><\/div>\n<\/div>\n<\/div>\n            <\/div>\n            <\/div>\n<\/div>\n\n<div style=\"height:100px\" aria-hidden=\"true\" class=\"wp-block-spacer\"><\/div>\n\n<section class=\"image flex align-center justify-center relative animation-fade-in-up  zoomed --wide\" data-zoom-animation=\"1\">\n    <div class=\"image__container overflow-hidden relative w-screen max-w-screen-huge mx-auto\">\n                    <img class=\"hidden lg:block w-full object-contain\" srcset=\"https:\/\/www.truedesign.it\/app\/uploads\/2025\/11\/Untitled-2-1-150x150.jpg 150w , https:\/\/www.truedesign.it\/app\/uploads\/2025\/11\/Untitled-2-1-300x155.jpg 300w , https:\/\/www.truedesign.it\/app\/uploads\/2025\/11\/Untitled-2-1-768x396.jpg 768w , https:\/\/www.truedesign.it\/app\/uploads\/2025\/11\/Untitled-2-1-1024x529.jpg 1024w , https:\/\/www.truedesign.it\/app\/uploads\/2025\/11\/Untitled-2-1-1536x793.jpg 1400w , https:\/\/www.truedesign.it\/app\/uploads\/2025\/11\/Untitled-2-1.jpg 2048w\" loading=\"lazy\" alt=\"Untitled-2\"  \/>\n                            <img class=\"lg:hidden w-full object-contain\" srcset=\"https:\/\/www.truedesign.it\/app\/uploads\/2025\/11\/Untitled-2-1-150x150.jpg 150w , https:\/\/www.truedesign.it\/app\/uploads\/2025\/11\/Untitled-2-1-300x155.jpg 300w , https:\/\/www.truedesign.it\/app\/uploads\/2025\/11\/Untitled-2-1-768x396.jpg 768w , https:\/\/www.truedesign.it\/app\/uploads\/2025\/11\/Untitled-2-1-1024x529.jpg 1024w , https:\/\/www.truedesign.it\/app\/uploads\/2025\/11\/Untitled-2-1-1536x793.jpg 1400w , https:\/\/www.truedesign.it\/app\/uploads\/2025\/11\/Untitled-2-1.jpg 2048w\" loading=\"lazy\" alt=\"Untitled-2\"  \/>\n            <\/div>\n<\/section>\n\n<div style=\"height:100px\" aria-hidden=\"true\" class=\"wp-block-spacer\"><\/div>\n        <style>\n                                <\/style>\n    \n<div class=\"block-columns relative px-5 -n-cols-1 max-w-screen-md mx-auto \">\n            <div class=\"block-columns__title font-semibold mb-10 lg:px-14\">\n            <div class=\"title text-xl lg:text-[32px] font-semibold text-left animation-fade-in-up \">\n                <div> <p style=\"font-weight: 400;\"><strong>Not Out: Outdoor-Design ohne Jahreszeiten<\/strong><\/p>\n <\/div>\n            <\/div>\n        <\/div>\n    \n    <div class=\"block-columns__wrapper lg:flex lg:justify-center \">\n                    <div class=\"block-columns__text-wr flex-1 my-8 lg:my-10 lg:px-14\">\n                \n<div class=\"text  text-left font-light animation-fade-in-up \">\n    <div><p style=\"font-weight: 400;\"><strong>Not Out<\/strong> definiert das Leben im Au\u00dfenbereich neu. Es ist eine vielseitige und zeitgen\u00f6ssische Kollektion, die sich m\u00fchelos an Terrassen, Veranden und hybride R\u00e4ume zwischen Innen und Au\u00dfen anpasst.<br \/>\nSitzm\u00f6bel und Tische mit klaren Linien, wetter- und zeitbest\u00e4ndig, signiert True Design. Es sind <strong>Outdoor-M\u00f6bel<\/strong> in hoher Qualit\u00e4t, gedacht f\u00fcr alle, die Funktionalit\u00e4t und Stil in jeder Jahreszeit suchen.<\/p>\n<\/div>\n<\/div>\n            <\/div>\n            <\/div>\n<\/div>\n\n<div class=\"text-media relative lg:flex lg:items-center max-w-screen-xl mx-auto justify-center gap-12 lg:gap-16 px-5 lg:px-20 \">\n    <div class=\"max-w-100 mx-auto lg:mx-0 order-2\">\n        <div>\n            <div class=\"mb-4 leading-10\">\n                <div class=\"title text-[22px] lg:text-[30px] font-semibold text-left animation-fade-in-up \">\n                    <div> Essence: Holzm\u00f6bel mit essenziellem Design <\/div>\n                <\/div>\n            <\/div>\n            <div class=\"mr-4 lg:mr-0 my-4 lg:my-8 leading-7\">\n                \n<div class=\"text text-base text-left font-light animation-fade-in-up \">\n    <div><p style=\"font-weight: 400;\"><strong>Essence<\/strong> ist eine Kollektion, die von der Authentizit\u00e4t des Materials erz\u00e4hlt.<br \/>\nDas Holz ist der Protagonist und verk\u00f6rpert Solidit\u00e4t, Nat\u00fcrlichkeit und W\u00e4rme. Es sind Tische und Sitzm\u00f6bel mit perfekten Proportionen, bei denen jedes Detail auf Dauerhaftigkeit ausgelegt ist.<\/p>\n<p><span style=\"font-weight: 400;\">Mit <strong>Essence<\/strong> pr\u00e4sentiert True Design eine Linie <strong>italienischer Design-Holzm\u00f6bel<\/strong>, die Eleganz und Funktionalit\u00e4t verbindet und ideal f\u00fcr Wohn- und Arbeitsumgebungen ist.<\/span><\/p>\n<\/div>\n<\/div>\n            <\/div>\n                    <\/div>\n    <\/div>\n    <div class=\"my-12 order-1\">\n                                    <video class=\"w-[430px] lg:ml-auto aspect-square animation-fade-in-up mx-auto lg:mx-0 object-cover\" muted autoplay loop playsinline>\n                    <source src=\"https:\/\/www.truedesign.it\/app\/uploads\/2025\/11\/Sequence-03.mp4\" type=\"video\/mp4\" \/>\n                <\/video>\n                        <\/div>\n<\/div>\n\n<div style=\"height:100px\" aria-hidden=\"true\" class=\"wp-block-spacer\"><\/div>\n\n<section class=\"image flex align-center justify-center relative animation-fade-in-up   --wide\" data-zoom-animation=\"\">\n    <div class=\"image__container overflow-hidden relative w-screen max-w-screen-huge mx-auto\">\n                    <img class=\"hidden lg:block w-full object-contain\" srcset=\"https:\/\/www.truedesign.it\/app\/uploads\/2025\/11\/TRUE_alba_5240-HDR-1-150x150.jpg 150w , https:\/\/www.truedesign.it\/app\/uploads\/2025\/11\/TRUE_alba_5240-HDR-1-300x169.jpg 300w , https:\/\/www.truedesign.it\/app\/uploads\/2025\/11\/TRUE_alba_5240-HDR-1-768x432.jpg 768w , https:\/\/www.truedesign.it\/app\/uploads\/2025\/11\/TRUE_alba_5240-HDR-1-1024x577.jpg 1024w , https:\/\/www.truedesign.it\/app\/uploads\/2025\/11\/TRUE_alba_5240-HDR-1-1536x865.jpg 1400w , https:\/\/www.truedesign.it\/app\/uploads\/2025\/11\/TRUE_alba_5240-HDR-1.jpg 2048w\" loading=\"lazy\" alt=\"TRUE_alba_5240-HDR\"  \/>\n                            <img class=\"lg:hidden w-full object-contain\" srcset=\"https:\/\/www.truedesign.it\/app\/uploads\/2025\/11\/TRUE_alba_5240-HDR-1-150x150.jpg 150w , https:\/\/www.truedesign.it\/app\/uploads\/2025\/11\/TRUE_alba_5240-HDR-1-300x169.jpg 300w , https:\/\/www.truedesign.it\/app\/uploads\/2025\/11\/TRUE_alba_5240-HDR-1-768x432.jpg 768w , https:\/\/www.truedesign.it\/app\/uploads\/2025\/11\/TRUE_alba_5240-HDR-1-1024x577.jpg 1024w , https:\/\/www.truedesign.it\/app\/uploads\/2025\/11\/TRUE_alba_5240-HDR-1-1536x865.jpg 1400w , https:\/\/www.truedesign.it\/app\/uploads\/2025\/11\/TRUE_alba_5240-HDR-1.jpg 2048w\" loading=\"lazy\" alt=\"TRUE_alba_5240-HDR\"  \/>\n            <\/div>\n<\/section>\n\n<div style=\"height:100px\" aria-hidden=\"true\" class=\"wp-block-spacer\"><\/div>\n        <style>\n                                <\/style>\n    \n<div class=\"block-columns relative px-5 -n-cols-1 max-w-screen-md mx-auto \">\n            <div class=\"block-columns__title font-semibold mb-10 lg:px-14\">\n            <div class=\"title text-xl lg:text-[32px] font-semibold text-left animation-fade-in-up \">\n                <div> <p style=\"font-weight: 400; text-align: center;\"><strong>Fender &amp; Blade Coffee Table: Details, die den Raum vollenden<\/strong><\/p>\n <\/div>\n            <\/div>\n        <\/div>\n    \n    <div class=\"block-columns__wrapper lg:flex lg:justify-center \">\n                    <div class=\"block-columns__text-wr flex-1 my-8 lg:my-10 lg:px-14\">\n                \n<div class=\"text  text-left font-light animation-fade-in-up \">\n    <div><p style=\"font-weight: 400; text-align: center;\">Innerhalb der Kollektionen von True Design verleihen die <strong>Coffee Tables Fender <\/strong>und<strong> Blade<\/strong> jedem Raum Charakter und Pers\u00f6nlichkeit.<br \/>\nDer <strong>Fender Coffee Table<\/strong> zeichnet sich durch seinen <strong>zentralen Griff<\/strong> aus, ein funktionales und ironisches Detail, das das Umstellen erleichtert und ihn perfekt f\u00fcr flexible, dynamische R\u00e4ume macht.<br \/>\nDer <strong>Blade Coffee Table<\/strong> hingegen zeigt eine essenzielle Eleganz durch seine <strong>Marmorplatte<\/strong> und die feine Struktur: ein raffiniertes Gleichgewicht zwischen nat\u00fcrlichem Material und visueller Leichtigkeit.<br \/>\nBeide interpretieren die Philosophie von True Design: <strong>Authentizit\u00e4t, Funktionalit\u00e4t und italienisches Design,<\/strong> vielseitige und markante Erg\u00e4nzungen f\u00fcr zeitgen\u00f6ssische Innenr\u00e4ume.<\/p>\n<\/div>\n<\/div>\n            <\/div>\n            <\/div>\n<\/div>\n\n<div style=\"height:100px\" aria-hidden=\"true\" class=\"wp-block-spacer\"><\/div>\n\n<section class=\"image flex align-center justify-center relative animation-fade-in-up  zoomed --boxed\" data-zoom-animation=\"1\">\n    <div class=\"image__container overflow-hidden relative w-screen max-w-screen-huge mx-auto\">\n                    <img class=\"hidden lg:block w-full object-contain\" srcset=\"https:\/\/www.truedesign.it\/app\/uploads\/2025\/11\/Untitled-1-2-150x150.jpg 150w , https:\/\/www.truedesign.it\/app\/uploads\/2025\/11\/Untitled-1-2-300x169.jpg 300w , https:\/\/www.truedesign.it\/app\/uploads\/2025\/11\/Untitled-1-2-768x432.jpg 768w , https:\/\/www.truedesign.it\/app\/uploads\/2025\/11\/Untitled-1-2-1024x576.jpg 1024w , https:\/\/www.truedesign.it\/app\/uploads\/2025\/11\/Untitled-1-2-1536x864.jpg 1400w , https:\/\/www.truedesign.it\/app\/uploads\/2025\/11\/Untitled-1-2.jpg 2048w\" loading=\"lazy\" alt=\"Untitled-1\"  \/>\n                            <img class=\"lg:hidden w-full object-contain\" srcset=\"https:\/\/www.truedesign.it\/app\/uploads\/2025\/11\/Untitled-1-2-150x150.jpg 150w , https:\/\/www.truedesign.it\/app\/uploads\/2025\/11\/Untitled-1-2-300x169.jpg 300w , https:\/\/www.truedesign.it\/app\/uploads\/2025\/11\/Untitled-1-2-768x432.jpg 768w , https:\/\/www.truedesign.it\/app\/uploads\/2025\/11\/Untitled-1-2-1024x576.jpg 1024w , https:\/\/www.truedesign.it\/app\/uploads\/2025\/11\/Untitled-1-2-1536x864.jpg 1400w , https:\/\/www.truedesign.it\/app\/uploads\/2025\/11\/Untitled-1-2.jpg 2048w\" loading=\"lazy\" alt=\"Untitled-1\"  \/>\n            <\/div>\n<\/section>\n\n<div style=\"height:100px\" aria-hidden=\"true\" class=\"wp-block-spacer\"><\/div>\n\n<div class=\"block-text max-w-screen-huge w-full lg:w-2\/3 px-8 mx-auto \">\n    \n<div class=\"text text-base text-left font-normal animation-fade-in-up \">\n    <div><p style=\"font-weight: 400; text-align: center;\"><strong>Die Protagonisten des Designs<\/strong><\/p>\n<\/div>\n<\/div>\n<\/div>\n\n<div style=\"height:50px\" aria-hidden=\"true\" class=\"wp-block-spacer\"><\/div>\n\n<div class=\"columns-image-text mx-auto px-6 lg:px-20 \">\n    <div class=\"flex justify-center flex-wrap gap-y-4 lg:gap-x-6\">\n                                <div class=\"lg:flex-1 max-w-screen-sm\">\n                <div class=\"w-full mb-6\">\n                                                                        <img class=\"w-full\" srcset=\"https:\/\/www.truedesign.it\/app\/uploads\/2025\/11\/q1-150x150.jpg 150w , https:\/\/www.truedesign.it\/app\/uploads\/2025\/11\/q1-300x300.jpg 300w , https:\/\/www.truedesign.it\/app\/uploads\/2025\/11\/q1-768x768.jpg 768w\" loading=\"lazy\" alt=\"q1\" \/>\n                                                            <\/div>\n                <div class=\"mb-4\">\n<div class=\"title text-lg font-semibold text-center animation-fade-in-up \">\n    <div> Essence <\/div>\n<\/div>\n<\/div>\n                <div>\n<div class=\"text text-base text-center font-thin animation-fade-in-up \">\n    <div><div><span lang=\"DE\">Die Kollektion <b>Essence<\/b> <b>von True Design<\/b> interpretiert Holz in seiner authentischsten Form. Es sind Tische und Einrichtungsobjekte mit <b>essenziellem italienischem Design<\/b>, bei denen das nat\u00fcrliche Material im Mittelpunkt steht. Klare Linien, harmonische Proportionen und sorgf\u00e4ltige Details erz\u00e4hlen eine zur\u00fcckhaltende Sch\u00f6nheit und sind gedacht f\u00fcr zeitgen\u00f6ssische R\u00e4ume, die <b>W\u00e4rme, Funktionalit\u00e4t und Langlebigkeit<\/b>vereinen.<\/span><\/div>\n<\/div>\n<\/div>\n<\/div>\n            <\/div>\n                                <div class=\"lg:flex-1 max-w-screen-sm\">\n                <div class=\"w-full mb-6\">\n                                                                        <img class=\"w-full\" srcset=\"https:\/\/www.truedesign.it\/app\/uploads\/2025\/11\/q3-150x150.jpg 150w , https:\/\/www.truedesign.it\/app\/uploads\/2025\/11\/q3-300x300.jpg 300w , https:\/\/www.truedesign.it\/app\/uploads\/2025\/11\/q3-768x768.jpg 768w\" loading=\"lazy\" alt=\"q3\" \/>\n                                                            <\/div>\n                <div class=\"mb-4\">\n<div class=\"title text-lg font-semibold text-center animation-fade-in-up \">\n    <div> Not Out <\/div>\n<\/div>\n<\/div>\n                <div>\n<div class=\"text text-base text-center font-thin animation-fade-in-up \">\n    <div><p style=\"font-weight: 400;\"><strong>Not Out<\/strong> ist die <strong>Outdoor-Kollektion von True Design<\/strong>, entwickelt, um das Au\u00dfen in jeder Jahreszeit zu erleben. Es sind Sitzm\u00f6bel und Tische mit <strong>widerstandsf\u00e4higem und vielseitigem Design<\/strong>, die aus hochwertigen Materialien gefertigt sind und sich an Terrassen, G\u00e4rten und hybride R\u00e4ume anpassen. Es bietet ein perfektes Gleichgewicht zwischen <strong>Komfort, \u00c4sthetik und Praktikabilit\u00e4t<\/strong>, um dieselbe gestalterische Sorgfalt wie im Innenraum ins Freie zu bringen.<\/p>\n<\/div>\n<\/div>\n<\/div>\n            <\/div>\n                                <div class=\"lg:flex-1 max-w-screen-sm\">\n                <div class=\"w-full mb-6\">\n                                                                        <img class=\"w-full\" srcset=\"https:\/\/www.truedesign.it\/app\/uploads\/2025\/11\/q2-150x150.jpg 150w , https:\/\/www.truedesign.it\/app\/uploads\/2025\/11\/q2-300x300.jpg 300w , https:\/\/www.truedesign.it\/app\/uploads\/2025\/11\/q2-768x768.jpg 768w\" loading=\"lazy\" alt=\"q2\" \/>\n                                                            <\/div>\n                <div class=\"mb-4\">\n<div class=\"title text-lg font-semibold text-center animation-fade-in-up \">\n    <div> Lisa <\/div>\n<\/div>\n<\/div>\n                <div>\n<div class=\"text text-base text-center font-thin animation-fade-in-up \">\n    <div><p style=\"font-weight: 400;\">Mit <strong>Lisa<\/strong> interpretiert True Design den Holzstuhl neu, in einer einfachen, zeitgen\u00f6ssischen Formsprache. Weiche Linien und ausgewogene Proportionen vermitteln nat\u00fcrliche Eleganz, wobei die Version mit Armlehnen das Gef\u00fchl von Geborgenheit verst\u00e4rkt. Es ist ein<strong> italienischer Design-Holzstuhl<\/strong>, gedacht f\u00fcr Wohn- oder Contract-Bereiche, in denen <strong>Komfort und Authentizit\u00e4t<\/strong> jeden Tag im Mittelpunkt stehen.<\/p>\n<\/div>\n<\/div>\n<\/div>\n            <\/div>\n            <\/div>\n<\/div>\n\n<div style=\"height:100px\" aria-hidden=\"true\" class=\"wp-block-spacer\"><\/div>\n\n<div class=\"banner-newsletter relative text-center py-32 md:py-32 lg:py-40 px-8 lg:px-16\">\n            <a class=\"h-full w-full\" href=\"https:\/\/www.truedesign.it\/it\/newsletter\/\">\n            <div class=\"text-2xl font-semibold text-center animation-fade-in-up\">\n                Melden Sie sich f\u00fcr unseren Newsletter an            <\/div>\n            <div class=\"mt-4 text-center animation-fade-in-up\">\n                Sie erhalten unsere exklusive CMF-Studie (Farbe, Material, Verarbeitung)            <\/div>\n        <\/a>\n    <\/div>\n\n<div style=\"height:100px\" aria-hidden=\"true\" class=\"wp-block-spacer\"><\/div>\n\n\n<div class=\"banner-link-full group relative animation-fade-in-up px-4 lg:px-0 --wide mx-auto \">\n    <div class=\"banner-link-full__wrapper relative flex flex-col justify-center min-h-[320px] md:min-h-[450px] lg:min-h-[640px] py-12 lg:py-20\">\n        <div style=\"color:#000000\" class=\"banner-link-full__title text-xl lg:text-[70px] mb-2 w-fit leading-none relative max-w-[580px] mx-auto pointer-events-none z-10 font-semibold text-center\">\n            Lassen Sie sich vom authentischen Design von True inspirieren        <\/div>\n                    <div style=\"color:#000000\" class=\"banner-link-full__text lg:text-[18px] relative mx-auto w-fit pointer-events-none z-10 mb-4 font-thin text-center\">\n                <p>Entdecken Sie alle verf\u00fcgbaren Modelle und personalisieren Sie Ihr Projekt<\/p>\n            <\/div>\n                <div class=\"flex items-center mx-auto w-fit pointer-events-none z-10 mt-4 lg:mt-10 font-semibold transition duration-500 lg:opacity-0 lg:translate-y-6 transition duration-500  group-hover:opacity-100 group-hover:translate-y-0 \" href=\"https:\/\/www.truedesign.it\/de\/stories\/designermoebel-fuer-den-herbst\/\">\n                            <div style=\"color:#000000\" class=\"lg:text-[20px]\">Entdecken Sie die gesamte Kollektion<\/div>\n                        <div style=\"color:#000000\" class=\"h-4 lg:h-5 ml-2 \"><svg width=\"30\" height=\"30\" viewBox=\"0 0 16 16\" fill=\"none\" xmlns=\"http:\/\/www.w3.org\/2000\/svg\">\n<g clip-path=\"url(#clip0_629_5901)\">\n<path d=\"M1 1H15M15 1V15M15 1L1 15\" stroke=\"currentColor\"\/>\n<\/g>\n<defs>\n<clipPath id=\"clip0_629_5901\">\n<rect width=\"30\" height=\"30\" fill=\"white\"\/>\n<\/clipPath>\n<\/defs>\n<\/svg>\n <\/div>\n        <\/div>\n                    <a class=\"banner-link-full__image-wrapper\" href=\"https:\/\/www.truedesign.it\/de\/familien\/\">\n                <img class=\"w-full object-cover lg:object-cover absolute top-0 left-0\" srcset=\"https:\/\/www.truedesign.it\/app\/uploads\/2025\/11\/ispirazionale-150x150.jpg 150w , https:\/\/www.truedesign.it\/app\/uploads\/2025\/11\/ispirazionale-300x105.jpg 300w , https:\/\/www.truedesign.it\/app\/uploads\/2025\/11\/ispirazionale-768x269.jpg 768w ,  https:\/\/www.truedesign.it\/app\/uploads\/2025\/11\/ispirazionale-1024x358.jpg 1024w , https:\/\/www.truedesign.it\/app\/uploads\/2025\/11\/ispirazionale-1536x538.jpg 1400w , https:\/\/www.truedesign.it\/app\/uploads\/2025\/11\/ispirazionale.jpg 2048w\" loading=\"lazy\" alt=\"ispirazionale\" \/>\n            <\/a>\n            <\/div>\n<\/div>\n","protected":false},"featured_media":0,"template":"","story_typology":[193],"class_list":["post-32520","story","type-story","status-publish","hentry","story_typology-inspiration-de"],"acf":{"preview_image":32392,"short_description":"Entdecken Sie, wie True Design den Herbst mit M\u00f6beln aus Holz und Outdoor-M\u00f6beln im italienischen Design begleitet und dabei Authentizit\u00e4t, Funktionalit\u00e4t und Stil vereint, um jeden Raum au\u00dfergew\u00f6hnlich zu gestalten."},"yoast_head":"<!-- This site is optimized with the Yoast SEO plugin v26.0 - https:\/\/yoast.com\/wordpress\/plugins\/seo\/ -->\n<title>Designerm\u00f6bel f\u00fcr den Herbst - True Design<\/title>\n<meta name=\"description\" content=\"Lesen Sie in Designerm\u00f6bel f\u00fcr den Herbst, wie unsere Designprodukte R\u00e4ume gestalten.\" \/>\n<meta name=\"robots\" content=\"index, follow, max-snippet:-1, max-image-preview:large, max-video-preview:-1\" \/>\n<link rel=\"canonical\" href=\"https:\/\/www.truedesign.it\/de\/stories\/designermoebel-fuer-den-herbst\/\" \/>\n<meta property=\"og:locale\" content=\"de_DE\" \/>\n<meta property=\"og:type\" content=\"article\" \/>\n<meta property=\"og:title\" content=\"Designerm\u00f6bel f\u00fcr den Herbst - True Design\" \/>\n<meta property=\"og:description\" content=\"Lesen Sie in Designerm\u00f6bel f\u00fcr den Herbst, wie unsere Designprodukte R\u00e4ume gestalten.\" \/>\n<meta property=\"og:url\" content=\"https:\/\/www.truedesign.it\/de\/stories\/designermoebel-fuer-den-herbst\/\" \/>\n<meta property=\"og:site_name\" content=\"True Design\" \/>\n<meta property=\"article:modified_time\" content=\"2025-11-24T10:08:59+00:00\" \/>\n<meta name=\"twitter:card\" content=\"summary_large_image\" \/>\n<!-- \/ Yoast SEO plugin. -->","yoast_head_json":{"title":"Designerm\u00f6bel f\u00fcr den Herbst - True Design","description":"Lesen Sie in Designerm\u00f6bel f\u00fcr den Herbst, wie unsere Designprodukte R\u00e4ume gestalten.","robots":{"index":"index","follow":"follow","max-snippet":"max-snippet:-1","max-image-preview":"max-image-preview:large","max-video-preview":"max-video-preview:-1"},"canonical":"https:\/\/www.truedesign.it\/de\/stories\/designermoebel-fuer-den-herbst\/","og_locale":"de_DE","og_type":"article","og_title":"Designerm\u00f6bel f\u00fcr den Herbst - True Design","og_description":"Lesen Sie in Designerm\u00f6bel f\u00fcr den Herbst, wie unsere Designprodukte R\u00e4ume gestalten.","og_url":"https:\/\/www.truedesign.it\/de\/stories\/designermoebel-fuer-den-herbst\/","og_site_name":"True Design","article_modified_time":"2025-11-24T10:08:59+00:00","twitter_card":"summary_large_image","schema":{"@context":"https:\/\/schema.org","@graph":[{"@type":"WebPage","@id":"https:\/\/www.truedesign.it\/de\/stories\/designermoebel-fuer-den-herbst\/","url":"https:\/\/www.truedesign.it\/de\/stories\/designermoebel-fuer-den-herbst\/","name":"Designerm\u00f6bel f\u00fcr den Herbst - True Design","isPartOf":{"@id":"https:\/\/truedesign.we-dev.it\/it\/#website"},"datePublished":"2025-11-21T08:48:34+00:00","dateModified":"2025-11-24T10:08:59+00:00","description":"Lesen Sie in Designerm\u00f6bel f\u00fcr den Herbst, wie unsere Designprodukte R\u00e4ume gestalten.","breadcrumb":{"@id":"https:\/\/www.truedesign.it\/de\/stories\/designermoebel-fuer-den-herbst\/#breadcrumb"},"inLanguage":"de-DE","potentialAction":[{"@type":"ReadAction","target":["https:\/\/www.truedesign.it\/de\/stories\/designermoebel-fuer-den-herbst\/"]}]},{"@type":"BreadcrumbList","@id":"https:\/\/www.truedesign.it\/de\/stories\/designermoebel-fuer-den-herbst\/#breadcrumb","itemListElement":[{"@type":"ListItem","position":1,"name":"Home","item":"https:\/\/www.truedesign.it\/de\/"},{"@type":"ListItem","position":2,"name":"Stories","item":"https:\/\/www.truedesign.it\/de\/stories\/"},{"@type":"ListItem","position":3,"name":"Designerm\u00f6bel f\u00fcr den Herbst"}]},{"@type":"WebSite","@id":"https:\/\/truedesign.we-dev.it\/it\/#website","url":"https:\/\/truedesign.we-dev.it\/it\/","name":"True Design","description":"Extraordinary. Everyday.","inLanguage":"de-DE"}]}},"_links":{"self":[{"href":"https:\/\/www.truedesign.it\/de\/wp-json\/wp\/v2\/story\/32520","targetHints":{"allow":["GET"]}}],"collection":[{"href":"https:\/\/www.truedesign.it\/de\/wp-json\/wp\/v2\/story"}],"about":[{"href":"https:\/\/www.truedesign.it\/de\/wp-json\/wp\/v2\/types\/story"}],"version-history":[{"count":1,"href":"https:\/\/www.truedesign.it\/de\/wp-json\/wp\/v2\/story\/32520\/revisions"}],"predecessor-version":[{"id":32521,"href":"https:\/\/www.truedesign.it\/de\/wp-json\/wp\/v2\/story\/32520\/revisions\/32521"}],"wp:attachment":[{"href":"https:\/\/www.truedesign.it\/de\/wp-json\/wp\/v2\/media?parent=32520"}],"wp:term":[{"taxonomy":"story_typology","embeddable":true,"href":"https:\/\/www.truedesign.it\/de\/wp-json\/wp\/v2\/story_typology?post=32520"}],"curies":[{"name":"wp","href":"https:\/\/api.w.org\/{rel}","templated":true}]}}