{"id":23650,"date":"2023-11-08T12:16:45","date_gmt":"2023-11-08T11:16:45","guid":{"rendered":"https:\/\/truedesign.we-dev.it\/stories\/orizzonti-estivi\/"},"modified":"2024-09-25T11:54:14","modified_gmt":"2024-09-25T09:54:14","slug":"sommer-horizonte","status":"publish","type":"story","link":"https:\/\/www.truedesign.it\/de\/stories\/sommer-horizonte\/","title":{"rendered":"Orizzonti estivi"},"content":{"rendered":"\n<div class=\"hero min-h-screen text-white relative px-4 lg:px-24 py-16 lg:py-40 flex flex-col gap-y-2 lg:gap-y-4 text-center justify-center items-center \">\n    <div class=\"hidden md:block left-0 top-0 absolute h-full w-full overflow-hidden \">\n                                    <img srcset=\"https:\/\/www.truedesign.it\/app\/uploads\/2023\/11\/1659011408-150x150.jpg 150w , https:\/\/www.truedesign.it\/app\/uploads\/2023\/11\/1659011408-300x188.jpg 300w , https:\/\/www.truedesign.it\/app\/uploads\/2023\/11\/1659011408-768x480.jpg 768w , https:\/\/www.truedesign.it\/app\/uploads\/2023\/11\/1659011408-1024x640.jpg 1024w , https:\/\/www.truedesign.it\/app\/uploads\/2023\/11\/1659011408-1536x960.jpg 1400w , https:\/\/www.truedesign.it\/app\/uploads\/2023\/11\/1659011408.jpg 2048w\" class=\"object-cover h-full w-full\" loading=\"lazy\" alt=\"1659011408\"\/>\n                        <\/div>\n    <div class=\"block md:hidden left-0 top-0 absolute h-full w-full overflow-hidden \">\n                                    <img srcset=\"https:\/\/www.truedesign.it\/app\/uploads\/2023\/11\/1659011408-150x150.jpg 150w , https:\/\/www.truedesign.it\/app\/uploads\/2023\/11\/1659011408-300x188.jpg 300w , https:\/\/www.truedesign.it\/app\/uploads\/2023\/11\/1659011408-768x480.jpg 768w , https:\/\/www.truedesign.it\/app\/uploads\/2023\/11\/1659011408-1024x640.jpg 1024w , https:\/\/www.truedesign.it\/app\/uploads\/2023\/11\/1659011408-1536x960.jpg 1400w , https:\/\/www.truedesign.it\/app\/uploads\/2023\/11\/1659011408.jpg 2048w\" class=\"object-cover h-full w-full\" loading=\"lazy\" alt=\"1659011408\"\/>\n                        <\/div>\n    <div class=\"relative z-10 hero__title-wrapper leading-tight\">\n        <h1 class=\"hero__title title text-xl lg:text-3xl font-semibold\"> <p>Sommer-Horizonte<\/p>\n <\/h1>\n    <\/div>\n            <\/div>\n\n<div style=\"height:100px\" aria-hidden=\"true\" class=\"wp-block-spacer\"><\/div>\n\n<div class=\"text-media relative lg:flex lg:items-center max-w-screen-xl mx-auto justify-center gap-12 lg:gap-16 px-5 lg:px-20 \">\n    <div class=\"max-w-100 mx-auto lg:mx-0 \">\n        <div>\n            <div class=\"mb-4 leading-10\">\n                <div class=\"title text-[22px] lg:text-[30px] font-semibold text-left animation-fade-in-up \">\n                    <div> Zeit, die Zeit mit True zu genie\u00dfen <\/div>\n                <\/div>\n            <\/div>\n            <div class=\"mr-4 lg:mr-0 my-4 lg:my-8 leading-7\">\n                \n<div class=\"text text-base text-left font-light animation-fade-in-up \">\n    <div><p>Wenn die Sonne, die gro\u00dfe Hitze und die langen Tage uns zwingen, innezuhalten (sonst w\u00fcrden wir den Lauf der Zeit gar nicht bemerken), dann wissen wir, dass es Sommer ist. Zeit f\u00fcr uns.<\/p>\n<\/div>\n<\/div>\n            <\/div>\n                    <\/div>\n    <\/div>\n    <div class=\"my-12 \">\n                                    <video class=\"w-[430px] lg:ml-auto aspect-square animation-fade-in-up mx-auto lg:mx-0 object-cover\" muted autoplay loop playsinline>\n                    <source src=\"https:\/\/www.truedesign.it\/app\/uploads\/2023\/11\/1659344968.mp4\" type=\"video\/mp4\" \/>\n                <\/video>\n                        <\/div>\n<\/div>\n\n<div style=\"height:50px\" aria-hidden=\"true\" class=\"wp-block-spacer\"><\/div>\n\n<div class=\"text-media relative lg:flex lg:items-center max-w-screen-xl mx-auto justify-center gap-12 lg:gap-16 px-5 lg:px-20 \">\n    <div class=\"max-w-100 mx-auto lg:mx-0 order-2\">\n        <div>\n            <div class=\"mb-4 leading-10\">\n                <div class=\"title text-[22px] lg:text-[30px] font-semibold text-left animation-fade-in-up \">\n                    <div>  <\/div>\n                <\/div>\n            <\/div>\n            <div class=\"mr-4 lg:mr-0 my-4 lg:my-8 leading-7\">\n                \n<div class=\"text text-base text-left font-light animation-fade-in-up \">\n    <div><p>Unsere Hymne auf den Sommer ist genau das: eine Hymne auf eine Pause, auf die Ruhe, auf eine Zeit, in der man ungeahnte Dinge tun kann, allein oder in Gesellschaft, verr\u00fcckte oder stille Dinge. In dieser Jahreszeit ist alles erlaubt und wir sind bereit, Sie zu begleiten.<\/p>\n<p>Mit einem Tisch, an dem man unter der Sonne schlemmt, oder einem Sessel, in dem man sich der Lekt\u00fcre und dem tiefen Schlaf hingibt, bis hin zu L\u00f6sungen f\u00fcr die Bewirtung von Freunden und Open-Air-Partys. True begleitet Sie sogar in den Urlaub, oder macht den Alltag zu einem solchen.<\/p>\n<\/div>\n<\/div>\n            <\/div>\n                            <div class=\"mr-4 lg:mr-0 lg:mt-8\">\n                    \n    <a class=\"cta-underline inline-flex items-center gap-x-2 w-fit group animation-fade-in-up\" target=\"_self\" href=\"\/de\/stories\/true-outdoor\/\">\n        <div class=\"cta__text transition-colors relative --hover-animation text-base font-semibold break-normal\">Entdecken Sie die Outdoor-Kollektion<\/div>\n                    <div class=\"h-4 lg:translate-y-4 transition duration-300 opacity-0 group-hover:opacity-100 lg:group-hover:translate-y-0\"><svg width=\"30\" height=\"30\" viewBox=\"0 0 16 16\" fill=\"none\" xmlns=\"http:\/\/www.w3.org\/2000\/svg\">\n<g clip-path=\"url(#clip0_629_5901)\">\n<path d=\"M1 1H15M15 1V15M15 1L1 15\" stroke=\"currentColor\"\/>\n<\/g>\n<defs>\n<clipPath id=\"clip0_629_5901\">\n<rect width=\"30\" height=\"30\" fill=\"white\"\/>\n<\/clipPath>\n<\/defs>\n<\/svg>\n <\/div>\n            <\/a>\n                <\/div>\n                    <\/div>\n    <\/div>\n    <div class=\"my-12 order-1\">\n                                    <video class=\"w-[430px] lg:ml-auto aspect-square animation-fade-in-up mx-auto lg:mx-0 object-cover\" muted autoplay loop playsinline>\n                    <source src=\"https:\/\/www.truedesign.it\/app\/uploads\/2023\/11\/1659345330.mp4\" type=\"video\/mp4\" \/>\n                <\/video>\n                        <\/div>\n<\/div>\n","protected":false},"featured_media":0,"template":"","story_typology":[193],"class_list":["post-23650","story","type-story","status-publish","hentry","story_typology-inspiration-de"],"acf":{"preview_image":10851,"short_description":"Wenn die Sonne, die gro\u00dfe Hitze und die langen Tage uns zwingen, innezuhalten (sonst w\u00fcrden wir den Lauf der Zeit gar nicht bemerken), dann wissen wir, dass es Sommer ist. Zeit f\u00fcr uns."},"yoast_head":"<!-- This site is optimized with the Yoast SEO plugin v26.0 - https:\/\/yoast.com\/wordpress\/plugins\/seo\/ -->\n<title>Orizzonti estivi - True Design<\/title>\n<meta name=\"description\" content=\"Lesen Sie in Orizzonti estivi, wie unsere Designprodukte R\u00e4ume gestalten.\" \/>\n<meta name=\"robots\" content=\"index, follow, max-snippet:-1, max-image-preview:large, max-video-preview:-1\" \/>\n<link rel=\"canonical\" href=\"https:\/\/www.truedesign.it\/de\/stories\/sommer-horizonte\/\" \/>\n<meta property=\"og:locale\" content=\"de_DE\" \/>\n<meta property=\"og:type\" content=\"article\" \/>\n<meta property=\"og:title\" content=\"Orizzonti estivi - True Design\" \/>\n<meta property=\"og:description\" content=\"Lesen Sie in Orizzonti estivi, wie unsere Designprodukte R\u00e4ume gestalten.\" \/>\n<meta property=\"og:url\" content=\"https:\/\/www.truedesign.it\/de\/stories\/sommer-horizonte\/\" \/>\n<meta property=\"og:site_name\" content=\"True Design\" \/>\n<meta property=\"article:modified_time\" content=\"2024-09-25T09:54:14+00:00\" \/>\n<meta name=\"twitter:card\" content=\"summary_large_image\" \/>\n<!-- \/ Yoast SEO plugin. -->","yoast_head_json":{"title":"Orizzonti estivi - True Design","description":"Lesen Sie in Orizzonti estivi, wie unsere Designprodukte R\u00e4ume gestalten.","robots":{"index":"index","follow":"follow","max-snippet":"max-snippet:-1","max-image-preview":"max-image-preview:large","max-video-preview":"max-video-preview:-1"},"canonical":"https:\/\/www.truedesign.it\/de\/stories\/sommer-horizonte\/","og_locale":"de_DE","og_type":"article","og_title":"Orizzonti estivi - True Design","og_description":"Lesen Sie in Orizzonti estivi, wie unsere Designprodukte R\u00e4ume gestalten.","og_url":"https:\/\/www.truedesign.it\/de\/stories\/sommer-horizonte\/","og_site_name":"True Design","article_modified_time":"2024-09-25T09:54:14+00:00","twitter_card":"summary_large_image","schema":{"@context":"https:\/\/schema.org","@graph":[{"@type":"WebPage","@id":"https:\/\/www.truedesign.it\/de\/stories\/sommer-horizonte\/","url":"https:\/\/www.truedesign.it\/de\/stories\/sommer-horizonte\/","name":"Orizzonti estivi - True Design","isPartOf":{"@id":"https:\/\/truedesign.we-dev.it\/it\/#website"},"datePublished":"2023-11-08T11:16:45+00:00","dateModified":"2024-09-25T09:54:14+00:00","description":"Lesen Sie in Orizzonti estivi, wie unsere Designprodukte R\u00e4ume gestalten.","breadcrumb":{"@id":"https:\/\/www.truedesign.it\/de\/stories\/sommer-horizonte\/#breadcrumb"},"inLanguage":"de-DE","potentialAction":[{"@type":"ReadAction","target":["https:\/\/www.truedesign.it\/de\/stories\/sommer-horizonte\/"]}]},{"@type":"BreadcrumbList","@id":"https:\/\/www.truedesign.it\/de\/stories\/sommer-horizonte\/#breadcrumb","itemListElement":[{"@type":"ListItem","position":1,"name":"Home","item":"https:\/\/www.truedesign.it\/de\/"},{"@type":"ListItem","position":2,"name":"Stories","item":"https:\/\/www.truedesign.it\/de\/stories\/"},{"@type":"ListItem","position":3,"name":"Orizzonti estivi"}]},{"@type":"WebSite","@id":"https:\/\/truedesign.we-dev.it\/it\/#website","url":"https:\/\/truedesign.we-dev.it\/it\/","name":"True Design","description":"Extraordinary. Everyday.","inLanguage":"de-DE"}]}},"_links":{"self":[{"href":"https:\/\/www.truedesign.it\/de\/wp-json\/wp\/v2\/story\/23650","targetHints":{"allow":["GET"]}}],"collection":[{"href":"https:\/\/www.truedesign.it\/de\/wp-json\/wp\/v2\/story"}],"about":[{"href":"https:\/\/www.truedesign.it\/de\/wp-json\/wp\/v2\/types\/story"}],"version-history":[{"count":0,"href":"https:\/\/www.truedesign.it\/de\/wp-json\/wp\/v2\/story\/23650\/revisions"}],"wp:attachment":[{"href":"https:\/\/www.truedesign.it\/de\/wp-json\/wp\/v2\/media?parent=23650"}],"wp:term":[{"taxonomy":"story_typology","embeddable":true,"href":"https:\/\/www.truedesign.it\/de\/wp-json\/wp\/v2\/story_typology?post=23650"}],"curies":[{"name":"wp","href":"https:\/\/api.w.org\/{rel}","templated":true}]}}